{"id":118199,"date":"2019-09-20T09:23:05","date_gmt":"2019-09-20T12:23:05","guid":{"rendered":"http:\/\/www.caririemacao.com\/1\/?p=118199"},"modified":"2019-09-20T09:23:05","modified_gmt":"2019-09-20T12:23:05","slug":"confianca-da-industria-recua-02-ponto-na-previa-de-setembro","status":"publish","type":"post","link":"https:\/\/www.caririemacao.com\/1\/2019\/09\/20\/confianca-da-industria-recua-02-ponto-na-previa-de-setembro\/","title":{"rendered":"Confian\u00e7a da ind\u00fastria recua 0,2 ponto na pr\u00e9via de setembro"},"content":{"rendered":"\n<p>&nbsp;confian\u00e7a dos empres\u00e1rios da ind\u00fastria recuou 0,2 ponto na pr\u00e9via de setembro deste ano em rela\u00e7\u00e3o ao resultado consolidado de agosto e chegou 95,4 pontos, em uma escala de zero a 200 pontos. O dado foi divulgado hoje (20) pela Funda\u00e7\u00e3o Getulio Vargas (FGV).<\/p>\n\n\n\n<p>A queda foi provocada pela piora da avalia\u00e7\u00e3o do empresariado sobre o futuro, j\u00e1 que o \u00cdndice de Expectativas caiu 0,7 ponto e passou para 95 pontos. Por outro lado, a confian\u00e7a no momento presente subiu 0,2 ponto e atingiu 95,8 pontos.<\/p>\n\n\n\n<p>O resultado preliminar de setembro sinaliza queda de 0,2 ponto percentual do N\u00edvel de Utiliza\u00e7\u00e3o da Capacidade Instalada da Ind\u00fastria (NUCI), para 75,6%.<\/p>\n","protected":false},"excerpt":{"rendered":"<p>&nbsp;confian\u00e7a dos empres\u00e1rios da ind\u00fastria recuou 0,2 ponto na pr\u00e9via de setembro deste ano em rela\u00e7\u00e3o ao resultado consolidado de agosto e chegou 95,4 pontos,&hellip; <\/p>\n","protected":false},"author":1,"featured_media":90178,"comment_status":"closed","ping_status":"closed","sticky":false,"template":"","format":"standard","meta":{"sfsi_plus_gutenberg_text_before_share":"","sfsi_plus_gutenberg_show_text_before_share":"","sfsi_plus_gutenberg_icon_type":"","sfsi_plus_gutenberg_icon_alignemt":"","sfsi_plus_gutenburg_max_per_row":"","footnotes":""},"categories":[2],"tags":[],"class_list":["post-118199","post","type-post","status-publish","format-standard","has-post-thumbnail","hentry","category-geral"],"_links":{"self":[{"href":"https:\/\/www.caririemacao.com\/1\/wp-json\/wp\/v2\/posts\/118199","targetHints":{"allow":["GET"]}}],"collection":[{"href":"https:\/\/www.caririemacao.com\/1\/wp-json\/wp\/v2\/posts"}],"about":[{"href":"https:\/\/www.caririemacao.com\/1\/wp-json\/wp\/v2\/types\/post"}],"author":[{"embeddable":true,"href":"https:\/\/www.caririemacao.com\/1\/wp-json\/wp\/v2\/users\/1"}],"replies":[{"embeddable":true,"href":"https:\/\/www.caririemacao.com\/1\/wp-json\/wp\/v2\/comments?post=118199"}],"version-history":[{"count":1,"href":"https:\/\/www.caririemacao.com\/1\/wp-json\/wp\/v2\/posts\/118199\/revisions"}],"predecessor-version":[{"id":118201,"href":"https:\/\/www.caririemacao.com\/1\/wp-json\/wp\/v2\/posts\/118199\/revisions\/118201"}],"wp:featuredmedia":[{"embeddable":true,"href":"https:\/\/www.caririemacao.com\/1\/wp-json\/wp\/v2\/media\/90178"}],"wp:attachment":[{"href":"https:\/\/www.caririemacao.com\/1\/wp-json\/wp\/v2\/media?parent=118199"}],"wp:term":[{"taxonomy":"category","embeddable":true,"href":"https:\/\/www.caririemacao.com\/1\/wp-json\/wp\/v2\/categories?post=118199"},{"taxonomy":"post_tag","embeddable":true,"href":"https:\/\/www.caririemacao.com\/1\/wp-json\/wp\/v2\/tags?post=118199"}],"curies":[{"name":"wp","href":"https:\/\/api.w.org\/{rel}","templated":true}]}}