{"id":118208,"date":"2019-09-20T09:26:45","date_gmt":"2019-09-20T12:26:45","guid":{"rendered":"http:\/\/www.caririemacao.com\/1\/?p=118208"},"modified":"2019-09-20T09:26:45","modified_gmt":"2019-09-20T12:26:45","slug":"guaido-cria-conselho-para-convocar-eleicoes-presidenciais-na-venezuela","status":"publish","type":"post","link":"https:\/\/www.caririemacao.com\/1\/2019\/09\/20\/guaido-cria-conselho-para-convocar-eleicoes-presidenciais-na-venezuela\/","title":{"rendered":"Guaid\u00f3 cria conselho para convocar elei\u00e7\u00f5es presidenciais na Venezuela"},"content":{"rendered":"\n<p>O presidente da Assembleia Nacional da Venezuela (AN), o opositor Juan Guaid\u00f3, anunciou a cria\u00e7\u00e3o de um Conselho de Estado Plural, para convocar elei\u00e7\u00f5es presidenciais no pa\u00eds e impulsionar uma mudan\u00e7a de regime.<\/p>\n\n\n\n<p>&#8220;Temos uma proposta concreta contra a usurpa\u00e7\u00e3o, a fome e a mis\u00e9ria: a forma\u00e7\u00e3o de um Conselho de Estado plural para atender o povo e convocar elei\u00e7\u00f5es presidenciais livres, justas, transparentes e garantias para todos&#8221;, anunciou, atrav\u00e9s da sua conta no Twitter.<\/p>\n\n\n\n<figure class=\"wp-block-image\"><img decoding=\"async\" data-src=\"http:\/\/imagens.ebc.com.br\/2OsBWf0vUugYwh0FDWKn-obnm9M=\/754x0\/smart\/http:\/\/agenciabrasil.ebc.com.br\/sites\/default\/files\/thumbnails\/image\/mcmgo_abr_28021912274.jpg?itok=q7Gi6tL0\" alt=\" O presidente interino da Venezuela, Juan Guaid\u00f3, ap\u00f3s encontro com embaixadores de pa\u00edses da Uni\u00e3o Europeia, na sede da delega\u00e7\u00e3o da Uni\u00e3o Europeia no Brasil. \" src=\"data:image\/svg+xml;base64,PHN2ZyB3aWR0aD0iMSIgaGVpZ2h0PSIxIiB4bWxucz0iaHR0cDovL3d3dy53My5vcmcvMjAwMC9zdmciPjwvc3ZnPg==\" class=\"lazyload\" \/><\/figure>\n\n\n\n<p>Juan Guaid\u00f3 anunciou a cria\u00e7\u00e3o de um Conselho de Estado Plural para convocar elei\u00e7\u00f5es presidenciais na Venezuela&nbsp;&nbsp;<strong>(Arquivo\/<\/strong><strong>Marcelo Camargo\/Ag\u00eancia Brasil)<\/strong><\/p>\n\n\n\n<p>Segundo ele, com a cria\u00e7\u00e3o do conselho, a oposi\u00e7\u00e3o ratifica o plano centrado numa mudan\u00e7a de regime no pa\u00eds.<\/p>\n\n\n\n<p>A proposta conta &#8220;com o apoio de todos os setores sociais e pol\u00edticos da Venezuela, a aprova\u00e7\u00e3o un\u00e2nime da AN, o aval da comunidade internacional e o acompanhamento dos venezuelanos&#8221;, disse.<\/p>\n\n\n\n<p>&#8220;Ratificamos a nossa proposta de solu\u00e7\u00e3o para a crise em nosso pa\u00eds. Que o usurpador diga ao seu entorno, \u00e0s For\u00e7as Armadas e aos venezuelanos, que esta proposta, que j\u00e1 conta com o apoio do mundo livre, n\u00e3o \u00e9 vi\u00e1vel nem constitucional&#8221;, sublinhou.<\/p>\n\n\n\n<p>Segundo Guaid\u00f3, &#8220;se o regime pretende reincidir em farsas, apenas piorar\u00e1 o conflito&#8221;. &#8220;Acelerar a mudan\u00e7a depende de todos, por isso estaremos unidos em todas as frentes, procurando mais apoio e press\u00e3o (contra o regime). Estamos perto da vit\u00f3ria da Venezuela!&#8221;, afirmou.<\/p>\n\n\n\n<h2 class=\"wp-block-heading\">Viola\u00e7\u00f5es dos Direitos Humanos<\/h2>\n\n\n\n<p>Por outro lado, durante a instala\u00e7\u00e3o do Congresso Pol\u00edtico da Frente Ampla para a declara\u00e7\u00e3o de Unidade Nacional, Guaid\u00f3 anunciou que vai entregar \u00e0 Organiza\u00e7\u00e3o das Na\u00e7\u00f5es Unidas (ONU) provas de viola\u00e7\u00f5es dos Direitos Humanos na Venezuela.<\/p>\n\n\n\n<p>Juan Guaid\u00f3 acusou o presidente da Assembleia Constituinte (composta unicamente por simpatizantes do regime), Diosdado Cabello, de sabotar o acordo assinado na segunda-feira (16), entre quatro pequenos partidos opositores e o governo venezuelano. &#8220;Cabello sabotou o acordo entre eles&#8221;, disse.<\/p>\n\n\n\n<p>Segunda-feira, o governo do presidente Nicol\u00e1s Maduro e quatro pequenos partidos opositores (Avan\u00e7ada Progressista, Solu\u00e7\u00f5es para a Venezuela, Movimento Ao Socialismo e Cambiemos) chegaram a um acordo para instalar uma nova mesa de di\u00e1logo.<\/p>\n\n\n\n<p>O acordo foi assinado em Caracas, na Casa Amarilla (Minist\u00e9rio dos Neg\u00f3cios Estrangeiros), e prev\u00ea, entre outras coisas, que os deputados do Partido Socialista Unido da Venezuela (PSUV) regressem de imediato ao parlamento (onde a oposi\u00e7\u00e3o det\u00e9m a maioria), acusado de desacato pelo regime.<\/p>\n","protected":false},"excerpt":{"rendered":"<p>O presidente da Assembleia Nacional da Venezuela (AN), o opositor Juan Guaid\u00f3, anunciou a cria\u00e7\u00e3o de um Conselho de Estado Plural, para convocar elei\u00e7\u00f5es presidenciais&hellip; <\/p>\n","protected":false},"author":1,"featured_media":118210,"comment_status":"closed","ping_status":"closed","sticky":false,"template":"","format":"standard","meta":{"sfsi_plus_gutenberg_text_before_share":"","sfsi_plus_gutenberg_show_text_before_share":"","sfsi_plus_gutenberg_icon_type":"","sfsi_plus_gutenberg_icon_alignemt":"","sfsi_plus_gutenburg_max_per_row":"","footnotes":""},"categories":[2],"tags":[],"class_list":["post-118208","post","type-post","status-publish","format-standard","has-post-thumbnail","hentry","category-geral"],"_links":{"self":[{"href":"https:\/\/www.caririemacao.com\/1\/wp-json\/wp\/v2\/posts\/118208","targetHints":{"allow":["GET"]}}],"collection":[{"href":"https:\/\/www.caririemacao.com\/1\/wp-json\/wp\/v2\/posts"}],"about":[{"href":"https:\/\/www.caririemacao.com\/1\/wp-json\/wp\/v2\/types\/post"}],"author":[{"embeddable":true,"href":"https:\/\/www.caririemacao.com\/1\/wp-json\/wp\/v2\/users\/1"}],"replies":[{"embeddable":true,"href":"https:\/\/www.caririemacao.com\/1\/wp-json\/wp\/v2\/comments?post=118208"}],"version-history":[{"count":1,"href":"https:\/\/www.caririemacao.com\/1\/wp-json\/wp\/v2\/posts\/118208\/revisions"}],"predecessor-version":[{"id":118211,"href":"https:\/\/www.caririemacao.com\/1\/wp-json\/wp\/v2\/posts\/118208\/revisions\/118211"}],"wp:featuredmedia":[{"embeddable":true,"href":"https:\/\/www.caririemacao.com\/1\/wp-json\/wp\/v2\/media\/118210"}],"wp:attachment":[{"href":"https:\/\/www.caririemacao.com\/1\/wp-json\/wp\/v2\/media?parent=118208"}],"wp:term":[{"taxonomy":"category","embeddable":true,"href":"https:\/\/www.caririemacao.com\/1\/wp-json\/wp\/v2\/categories?post=118208"},{"taxonomy":"post_tag","embeddable":true,"href":"https:\/\/www.caririemacao.com\/1\/wp-json\/wp\/v2\/tags?post=118208"}],"curies":[{"name":"wp","href":"https:\/\/api.w.org\/{rel}","templated":true}]}}