{"id":118223,"date":"2019-09-20T12:15:31","date_gmt":"2019-09-20T15:15:31","guid":{"rendered":"http:\/\/www.caririemacao.com\/1\/?p=118223"},"modified":"2019-09-20T12:15:31","modified_gmt":"2019-09-20T15:15:31","slug":"prefeitura-de-prata-conclui-calcamento-recupera-e-limpa-ruas","status":"publish","type":"post","link":"https:\/\/www.caririemacao.com\/1\/2019\/09\/20\/prefeitura-de-prata-conclui-calcamento-recupera-e-limpa-ruas\/","title":{"rendered":"PREFEITURA DE PRATA CONCLUI CAL\u00c7AMENTO, RECUPERA E LIMPA RUAS"},"content":{"rendered":"\n<figure class=\"wp-block-image\"><a href=\"https:\/\/1.bp.blogspot.com\/-s35vDdAf2dg\/XYP-UUg6t-I\/AAAAAAABT8o\/hNbrpDqWctk4zERgCdTXQOlCFrF7BZnOwCLcBGAsYHQ\/s1600\/IMG-20190919-WA0289.jpg\"><img decoding=\"async\" data-src=\"https:\/\/1.bp.blogspot.com\/-s35vDdAf2dg\/XYP-UUg6t-I\/AAAAAAABT8o\/hNbrpDqWctk4zERgCdTXQOlCFrF7BZnOwCLcBGAsYHQ\/s1600\/IMG-20190919-WA0289.jpg\" alt=\"\" src=\"data:image\/svg+xml;base64,PHN2ZyB3aWR0aD0iMSIgaGVpZ2h0PSIxIiB4bWxucz0iaHR0cDovL3d3dy53My5vcmcvMjAwMC9zdmciPjwvc3ZnPg==\" class=\"lazyload\" \/><\/a><\/figure>\n\n\n\n<p>A Prefeitura Municipal de Prata vem com uma maratona de servi\u00e7os no munic\u00edpio como por exemplo, a conclus\u00e3o do cal\u00e7amento da Vila Quit\u00e9ria Maria de Oliveira, um sonho daqueles moradores, al\u00e9m de recuperar diversos trechos de cal\u00e7amentos danificados e tamb\u00e9m fazendo rigorosamente a limpeza de todas a ruas da cidade.<br>O cal\u00e7amento da Vila Quit\u00e9ria Maria de Oliveira, est\u00e1 em fase de conclus\u00e3o, e 90% da obra est\u00e1 conclu\u00edda, faltando apena 10%.<br>A Prefeitura de Prata atrav\u00e9s da Secretaria de Infra Estrutura, vem recuperando todos os cal\u00e7amentos danificados, com uma a\u00e7\u00e3o valiosa coordenada pelo Secret\u00e1rio Edmar Marciel, que n\u00e3o mede esfor\u00e7os dentro da possibilidade.<br>Um dos trechos em recupera\u00e7\u00e3o \u00e9 o da Rua Souto Maior, pr\u00f3ximo ao Banco Sicoob.&nbsp;<br><\/p>\n\n\n\n<figure class=\"wp-block-image\"><a href=\"https:\/\/1.bp.blogspot.com\/-AuI9mSHcZ2U\/XYP-Yf4IOEI\/AAAAAAABT8w\/EXlwm4JceuQkyBcP7AXRAMgGWj4tbbprQCLcBGAsYHQ\/s1600\/IMG-20190919-WA0297.jpg\"><img decoding=\"async\" data-src=\"https:\/\/1.bp.blogspot.com\/-AuI9mSHcZ2U\/XYP-Yf4IOEI\/AAAAAAABT8w\/EXlwm4JceuQkyBcP7AXRAMgGWj4tbbprQCLcBGAsYHQ\/s1600\/IMG-20190919-WA0297.jpg\" alt=\"\" src=\"data:image\/svg+xml;base64,PHN2ZyB3aWR0aD0iMSIgaGVpZ2h0PSIxIiB4bWxucz0iaHR0cDovL3d3dy53My5vcmcvMjAwMC9zdmciPjwvc3ZnPg==\" class=\"lazyload\" \/><\/a><\/figure>\n\n\n\n<p>Outro servi\u00e7o que est\u00e1 realizado com muita efici\u00eancia \u00e9 a limpeza de todas as ruas do munic\u00edpio, com um trabalho brilhante e sem deixar a desejar da Secretaria de Infra- Estrutura.<br>O Prefeito J\u00fanior N\u00f3brega comentou que o trabalho n\u00e3o para, e que em breve anunciar\u00e1 mais obras que a Prata e o povo necessita, e que sempre lutar\u00e1 por uma cidade melhor e mais desenvolvida.<\/p>\n","protected":false},"excerpt":{"rendered":"<p>A Prefeitura Municipal de Prata vem com uma maratona de servi\u00e7os no munic\u00edpio como por exemplo, a conclus\u00e3o do cal\u00e7amento da Vila Quit\u00e9ria Maria de&hellip; <\/p>\n","protected":false},"author":1,"featured_media":118224,"comment_status":"closed","ping_status":"closed","sticky":false,"template":"","format":"standard","meta":{"sfsi_plus_gutenberg_text_before_share":"","sfsi_plus_gutenberg_show_text_before_share":"","sfsi_plus_gutenberg_icon_type":"","sfsi_plus_gutenberg_icon_alignemt":"","sfsi_plus_gutenburg_max_per_row":"","footnotes":""},"categories":[2],"tags":[],"class_list":["post-118223","post","type-post","status-publish","format-standard","has-post-thumbnail","hentry","category-geral"],"_links":{"self":[{"href":"https:\/\/www.caririemacao.com\/1\/wp-json\/wp\/v2\/posts\/118223","targetHints":{"allow":["GET"]}}],"collection":[{"href":"https:\/\/www.caririemacao.com\/1\/wp-json\/wp\/v2\/posts"}],"about":[{"href":"https:\/\/www.caririemacao.com\/1\/wp-json\/wp\/v2\/types\/post"}],"author":[{"embeddable":true,"href":"https:\/\/www.caririemacao.com\/1\/wp-json\/wp\/v2\/users\/1"}],"replies":[{"embeddable":true,"href":"https:\/\/www.caririemacao.com\/1\/wp-json\/wp\/v2\/comments?post=118223"}],"version-history":[{"count":1,"href":"https:\/\/www.caririemacao.com\/1\/wp-json\/wp\/v2\/posts\/118223\/revisions"}],"predecessor-version":[{"id":118225,"href":"https:\/\/www.caririemacao.com\/1\/wp-json\/wp\/v2\/posts\/118223\/revisions\/118225"}],"wp:featuredmedia":[{"embeddable":true,"href":"https:\/\/www.caririemacao.com\/1\/wp-json\/wp\/v2\/media\/118224"}],"wp:attachment":[{"href":"https:\/\/www.caririemacao.com\/1\/wp-json\/wp\/v2\/media?parent=118223"}],"wp:term":[{"taxonomy":"category","embeddable":true,"href":"https:\/\/www.caririemacao.com\/1\/wp-json\/wp\/v2\/categories?post=118223"},{"taxonomy":"post_tag","embeddable":true,"href":"https:\/\/www.caririemacao.com\/1\/wp-json\/wp\/v2\/tags?post=118223"}],"curies":[{"name":"wp","href":"https:\/\/api.w.org\/{rel}","templated":true}]}}