{"id":118232,"date":"2019-09-20T12:17:54","date_gmt":"2019-09-20T15:17:54","guid":{"rendered":"http:\/\/www.caririemacao.com\/1\/?p=118232"},"modified":"2019-09-20T12:17:54","modified_gmt":"2019-09-20T15:17:54","slug":"tite-convoca-goleiro-paraibano-de-cabaceiras-para-a-selecao-brasileira","status":"publish","type":"post","link":"https:\/\/www.caririemacao.com\/1\/2019\/09\/20\/tite-convoca-goleiro-paraibano-de-cabaceiras-para-a-selecao-brasileira\/","title":{"rendered":"Tite convoca goleiro paraibano de Cabaceiras para a Sele\u00e7\u00e3o Brasileira"},"content":{"rendered":"\n<p>O goleiro paraibano Santos foi convocado para a Sele\u00e7\u00e3o Brasileira nesta quinta-feira (20). A convoca\u00e7\u00e3o feita pelo t\u00e9cnico Tite ser\u00e1 para amistosos contra as sele\u00e7\u00f5es de Senegal e Nig\u00e9ria, nos dias 10 e 13 de outubro em Singapura.<\/p>\n\n\n\n<p>Santos atua como goleiro do Athletico Paranaense e fez parte nesta semana da conquista do t\u00edtulo da Copa do Brasil. A final do campeonato aconteceu na \u00faltima quarta-feira (18) contra o Internacional.<\/p>\n\n\n\n<p>Esta \u00e9 a primeira convoca\u00e7\u00e3o de Santos para a sele\u00e7\u00e3o principal de futebol. Ele \u00e9 uma das novidades da convoca\u00e7\u00e3o junto com Rodrigo Caio e Gabigil, do Flamengo.<\/p>\n\n\n\n<p>O paraibano Santos teve grande destaque na temporada e chegou a defender p\u00eanaltis nas partidas contra o Gr\u00eamio e o Flamengo, garantindo a vit\u00f3ria para o Athletico-PR.<\/p>\n\n\n\n<p>Nascido em Campina Grande e criado em Cabaceiras, Santos j\u00e1 fez 150 jogos pelo clube paranaense.<\/p>\n\n\n\n<figure class=\"wp-block-image\"><img decoding=\"async\" data-src=\"https:\/\/www.clickpb.com.br\/media\/filer_public\/ef\/9a\/ef9af98c-3b5a-4f6e-acc2-00c18ff4d60f\/convocacao_selecao.jpg\" alt=\"\" src=\"data:image\/svg+xml;base64,PHN2ZyB3aWR0aD0iMSIgaGVpZ2h0PSIxIiB4bWxucz0iaHR0cDovL3d3dy53My5vcmcvMjAwMC9zdmciPjwvc3ZnPg==\" class=\"lazyload\" \/><\/figure>\n","protected":false},"excerpt":{"rendered":"<p>O goleiro paraibano Santos foi convocado para a Sele\u00e7\u00e3o Brasileira nesta quinta-feira (20). A convoca\u00e7\u00e3o feita pelo t\u00e9cnico Tite ser\u00e1 para amistosos contra as sele\u00e7\u00f5es&hellip; <\/p>\n","protected":false},"author":1,"featured_media":118234,"comment_status":"closed","ping_status":"closed","sticky":false,"template":"","format":"standard","meta":{"sfsi_plus_gutenberg_text_before_share":"","sfsi_plus_gutenberg_show_text_before_share":"","sfsi_plus_gutenberg_icon_type":"","sfsi_plus_gutenberg_icon_alignemt":"","sfsi_plus_gutenburg_max_per_row":"","footnotes":""},"categories":[13],"tags":[],"class_list":["post-118232","post","type-post","status-publish","format-standard","has-post-thumbnail","hentry","category-esportes"],"_links":{"self":[{"href":"https:\/\/www.caririemacao.com\/1\/wp-json\/wp\/v2\/posts\/118232","targetHints":{"allow":["GET"]}}],"collection":[{"href":"https:\/\/www.caririemacao.com\/1\/wp-json\/wp\/v2\/posts"}],"about":[{"href":"https:\/\/www.caririemacao.com\/1\/wp-json\/wp\/v2\/types\/post"}],"author":[{"embeddable":true,"href":"https:\/\/www.caririemacao.com\/1\/wp-json\/wp\/v2\/users\/1"}],"replies":[{"embeddable":true,"href":"https:\/\/www.caririemacao.com\/1\/wp-json\/wp\/v2\/comments?post=118232"}],"version-history":[{"count":1,"href":"https:\/\/www.caririemacao.com\/1\/wp-json\/wp\/v2\/posts\/118232\/revisions"}],"predecessor-version":[{"id":118235,"href":"https:\/\/www.caririemacao.com\/1\/wp-json\/wp\/v2\/posts\/118232\/revisions\/118235"}],"wp:featuredmedia":[{"embeddable":true,"href":"https:\/\/www.caririemacao.com\/1\/wp-json\/wp\/v2\/media\/118234"}],"wp:attachment":[{"href":"https:\/\/www.caririemacao.com\/1\/wp-json\/wp\/v2\/media?parent=118232"}],"wp:term":[{"taxonomy":"category","embeddable":true,"href":"https:\/\/www.caririemacao.com\/1\/wp-json\/wp\/v2\/categories?post=118232"},{"taxonomy":"post_tag","embeddable":true,"href":"https:\/\/www.caririemacao.com\/1\/wp-json\/wp\/v2\/tags?post=118232"}],"curies":[{"name":"wp","href":"https:\/\/api.w.org\/{rel}","templated":true}]}}