{"id":118250,"date":"2019-09-20T12:23:56","date_gmt":"2019-09-20T15:23:56","guid":{"rendered":"http:\/\/www.caririemacao.com\/1\/?p=118250"},"modified":"2019-09-20T12:23:56","modified_gmt":"2019-09-20T15:23:56","slug":"video-mostra-padrasto-agredindo-enteada-com-faca-na-mao-na-frente-de-uma-crianca","status":"publish","type":"post","link":"https:\/\/www.caririemacao.com\/1\/2019\/09\/20\/video-mostra-padrasto-agredindo-enteada-com-faca-na-mao-na-frente-de-uma-crianca\/","title":{"rendered":"V\u00eddeo mostra padrasto agredindo enteada com faca na m\u00e3o na frente de uma crian\u00e7a"},"content":{"rendered":"\n<p>&nbsp;Pol\u00edcia Civil divulgou, nesta sexta-feira (20), o momento em que Richardson Alex Coqueijo da Silva corre para agredir a enteada, uma adolescente de apenas 16 anos, no bairro de Mangabeira, em Jo\u00e3o Pessoa. As imagens foram feitas pela m\u00e3e da garota, que no momento da agress\u00e3o estava com a filha pequena no colo.<\/p>\n\n\n\n<figure><iframe width=\"500\" height=\"281\" data-src=\"https:\/\/www.youtube.com\/embed\/m6wSHiDntFI\" allowfullscreen=\"\" src=\"data:image\/svg+xml;base64,PHN2ZyB3aWR0aD0iMSIgaGVpZ2h0PSIxIiB4bWxucz0iaHR0cDovL3d3dy53My5vcmcvMjAwMC9zdmciPjwvc3ZnPg==\" class=\"lazyload\" data-load-mode=\"1\"><\/iframe><\/figure>\n\n\n\n<p>O padrasto da jovem aparece com uma faca na m\u00e3o. Durante a discuss\u00e3o, ele sai da sala e corre para o quarto onde a menina se encontra. Nesse momento, a crian\u00e7a, irm\u00e3 da adolescente, come\u00e7a a chorar.<\/p>\n\n\n\n<ul class=\"wp-block-list\"><li><a href=\"https:\/\/www.clickpb.com.br\/Policial\/homem-e-preso-suspeito-de-espancar-enteada-de-apenas-16-anos-268199.html\">Homem \u00e9 preso suspeito de espancar enteada de apenas 16 anos<\/a><\/li><\/ul>\n\n\n\n<p>Ele retorna para a sala e inicia uma s\u00e9rie de xingamentos contra a adolescente e a mulher, que promete denunci\u00e1-lo \u00e0 pol\u00edcia.<\/p>\n\n\n\n<p>A promessa foi cumprida e&nbsp; Richardson acabou sendo preso em flagrante na noite dessa quinta-feira (19). Ele aguarda por audi\u00eancia de cust\u00f3dia na Central de Pol\u00edcia, em Jo\u00e3o Pessoa.<\/p>\n","protected":false},"excerpt":{"rendered":"<p>&nbsp;Pol\u00edcia Civil divulgou, nesta sexta-feira (20), o momento em que Richardson Alex Coqueijo da Silva corre para agredir a enteada, uma adolescente de apenas 16&hellip; <\/p>\n","protected":false},"author":1,"featured_media":104562,"comment_status":"closed","ping_status":"closed","sticky":false,"template":"","format":"standard","meta":{"sfsi_plus_gutenberg_text_before_share":"","sfsi_plus_gutenberg_show_text_before_share":"","sfsi_plus_gutenberg_icon_type":"","sfsi_plus_gutenberg_icon_alignemt":"","sfsi_plus_gutenburg_max_per_row":"","footnotes":""},"categories":[12],"tags":[],"class_list":["post-118250","post","type-post","status-publish","format-standard","has-post-thumbnail","hentry","category-policia"],"_links":{"self":[{"href":"https:\/\/www.caririemacao.com\/1\/wp-json\/wp\/v2\/posts\/118250","targetHints":{"allow":["GET"]}}],"collection":[{"href":"https:\/\/www.caririemacao.com\/1\/wp-json\/wp\/v2\/posts"}],"about":[{"href":"https:\/\/www.caririemacao.com\/1\/wp-json\/wp\/v2\/types\/post"}],"author":[{"embeddable":true,"href":"https:\/\/www.caririemacao.com\/1\/wp-json\/wp\/v2\/users\/1"}],"replies":[{"embeddable":true,"href":"https:\/\/www.caririemacao.com\/1\/wp-json\/wp\/v2\/comments?post=118250"}],"version-history":[{"count":1,"href":"https:\/\/www.caririemacao.com\/1\/wp-json\/wp\/v2\/posts\/118250\/revisions"}],"predecessor-version":[{"id":118252,"href":"https:\/\/www.caririemacao.com\/1\/wp-json\/wp\/v2\/posts\/118250\/revisions\/118252"}],"wp:featuredmedia":[{"embeddable":true,"href":"https:\/\/www.caririemacao.com\/1\/wp-json\/wp\/v2\/media\/104562"}],"wp:attachment":[{"href":"https:\/\/www.caririemacao.com\/1\/wp-json\/wp\/v2\/media?parent=118250"}],"wp:term":[{"taxonomy":"category","embeddable":true,"href":"https:\/\/www.caririemacao.com\/1\/wp-json\/wp\/v2\/categories?post=118250"},{"taxonomy":"post_tag","embeddable":true,"href":"https:\/\/www.caririemacao.com\/1\/wp-json\/wp\/v2\/tags?post=118250"}],"curies":[{"name":"wp","href":"https:\/\/api.w.org\/{rel}","templated":true}]}}