{"id":118261,"date":"2019-09-20T13:21:16","date_gmt":"2019-09-20T16:21:16","guid":{"rendered":"http:\/\/www.caririemacao.com\/1\/?p=118261"},"modified":"2019-09-20T13:21:16","modified_gmt":"2019-09-20T16:21:16","slug":"parceria-entre-prefeitura-e-uepb-permite-inovacao-e-alunos-participam-de-aulao","status":"publish","type":"post","link":"https:\/\/www.caririemacao.com\/1\/2019\/09\/20\/parceria-entre-prefeitura-e-uepb-permite-inovacao-e-alunos-participam-de-aulao\/","title":{"rendered":"Parceria entre Prefeitura e UEPB permite inova\u00e7\u00e3o e alunos participam de aul\u00e3o"},"content":{"rendered":"\n<div class=\"wp-block-image\"><figure class=\"alignright\"><img decoding=\"async\" data-src=\"https:\/\/i1.wp.com\/www.vitrinedocariri.com.br\/wp-content\/uploads\/2019\/09\/Aul%C3%A3o-1.jpeg?zoom=2&amp;resize=330%2C247&amp;ssl=1\" alt=\"\" class=\"wp-image-53425 lazyload\" src=\"data:image\/svg+xml;base64,PHN2ZyB3aWR0aD0iMSIgaGVpZ2h0PSIxIiB4bWxucz0iaHR0cDovL3d3dy53My5vcmcvMjAwMC9zdmciPjwvc3ZnPg==\" \/><\/figure><\/div>\n\n\n\n<p>&nbsp;Alunos do 5\u00ba ano da Escola Brisa Nunes Br\u00e1s participaram de aul\u00f5es preparat\u00f3rios para as provas do Sistema de Avalia\u00e7\u00e3o da Educa\u00e7\u00e3o B\u00e1sica (SAEB) do Governo Federal, que acontecem no pr\u00f3ximo m\u00eas de outubro.<\/p>\n\n\n\n<p>Durante dois dias os alunos tiveram a oportunidade de assistir os aul\u00f5es de portugu\u00eas com a professora de l\u00edngua portuguesa da rede municipal, Ism\u00eania Tereza e com o professor de matem\u00e1tica da Universidade Estadual da Para\u00edba, Paulo Pinheiro.<\/p>\n\n\n\n<p>As aulas aconteceram no audit\u00f3rio da Universidade Estadual da Para\u00edba, Campus de Monteiro, nos dias 17 e 18.<\/p>\n\n\n\n<div class=\"wp-block-image\"><figure class=\"alignright\"><img decoding=\"async\" data-src=\"https:\/\/i0.wp.com\/www.vitrinedocariri.com.br\/wp-content\/uploads\/2019\/09\/Aul%C3%A3o-3.jpeg?zoom=2&amp;resize=330%2C247&amp;ssl=1\" alt=\"\" class=\"wp-image-53426 lazyload\" src=\"data:image\/svg+xml;base64,PHN2ZyB3aWR0aD0iMSIgaGVpZ2h0PSIxIiB4bWxucz0iaHR0cDovL3d3dy53My5vcmcvMjAwMC9zdmciPjwvc3ZnPg==\" \/><\/figure><\/div>\n\n\n\n<p>\u201cEssa \u00e9 uma estrat\u00e9gia que encontramos para inovar e deixar os nossos alunos mais preparados e encorajados para a realiza\u00e7\u00e3o da prova que \u00e9 realizada de dois em dois anos, no entanto nossos professores trabalham todos os anos focando nas habilidades fundamentais para o desenvolvimento do cidad\u00e3o cr\u00edtico e participativo. Acreditamos que o processo de ensino e aprendizagem de qualidade acontece por meio de parcerias. Esse trabalho se tornou realidade porque tivemos a parceria da Universidade Estadual da Para\u00edba e com nossos profissionais competentes e comprometidos\u201d comenta a prefeita Anna Lorena.<\/p>\n\n\n\n<p>SAEB \u2013 O Sistema de Avalia\u00e7\u00e3o da Educa\u00e7\u00e3o B\u00e1sica (SAEB) permite produzir indicadores educacionais para o Brasil, regi\u00f5es, unidades da Federa\u00e7\u00e3o e, quando poss\u00edvel, para os munic\u00edpios e escolas. O sistema de avalia\u00e7\u00e3o externa de larga escala tamb\u00e9m permite avaliar a qualidade, a equidade e a efici\u00eancia da educa\u00e7\u00e3o praticada nos diversos n\u00edveis governamentais; subsidiar a elabora\u00e7\u00e3o, o monitoramento e o aprimoramento de pol\u00edticas p\u00fablicas em educa\u00e7\u00e3o baseadas em evid\u00eancias; e desenvolver compet\u00eancia t\u00e9cnica e cient\u00edfica na \u00e1rea de avalia\u00e7\u00e3o educacional.<\/p>\n","protected":false},"excerpt":{"rendered":"<p>&nbsp;Alunos do 5\u00ba ano da Escola Brisa Nunes Br\u00e1s participaram de aul\u00f5es preparat\u00f3rios para as provas do Sistema de Avalia\u00e7\u00e3o da Educa\u00e7\u00e3o B\u00e1sica (SAEB) do&hellip; <\/p>\n","protected":false},"author":1,"featured_media":118262,"comment_status":"closed","ping_status":"closed","sticky":false,"template":"","format":"standard","meta":{"sfsi_plus_gutenberg_text_before_share":"","sfsi_plus_gutenberg_show_text_before_share":"","sfsi_plus_gutenberg_icon_type":"","sfsi_plus_gutenberg_icon_alignemt":"","sfsi_plus_gutenburg_max_per_row":"","footnotes":""},"categories":[14],"tags":[],"class_list":["post-118261","post","type-post","status-publish","format-standard","has-post-thumbnail","hentry","category-educacao"],"_links":{"self":[{"href":"https:\/\/www.caririemacao.com\/1\/wp-json\/wp\/v2\/posts\/118261","targetHints":{"allow":["GET"]}}],"collection":[{"href":"https:\/\/www.caririemacao.com\/1\/wp-json\/wp\/v2\/posts"}],"about":[{"href":"https:\/\/www.caririemacao.com\/1\/wp-json\/wp\/v2\/types\/post"}],"author":[{"embeddable":true,"href":"https:\/\/www.caririemacao.com\/1\/wp-json\/wp\/v2\/users\/1"}],"replies":[{"embeddable":true,"href":"https:\/\/www.caririemacao.com\/1\/wp-json\/wp\/v2\/comments?post=118261"}],"version-history":[{"count":1,"href":"https:\/\/www.caririemacao.com\/1\/wp-json\/wp\/v2\/posts\/118261\/revisions"}],"predecessor-version":[{"id":118263,"href":"https:\/\/www.caririemacao.com\/1\/wp-json\/wp\/v2\/posts\/118261\/revisions\/118263"}],"wp:featuredmedia":[{"embeddable":true,"href":"https:\/\/www.caririemacao.com\/1\/wp-json\/wp\/v2\/media\/118262"}],"wp:attachment":[{"href":"https:\/\/www.caririemacao.com\/1\/wp-json\/wp\/v2\/media?parent=118261"}],"wp:term":[{"taxonomy":"category","embeddable":true,"href":"https:\/\/www.caririemacao.com\/1\/wp-json\/wp\/v2\/categories?post=118261"},{"taxonomy":"post_tag","embeddable":true,"href":"https:\/\/www.caririemacao.com\/1\/wp-json\/wp\/v2\/tags?post=118261"}],"curies":[{"name":"wp","href":"https:\/\/api.w.org\/{rel}","templated":true}]}}