{"id":118268,"date":"2019-09-20T13:22:54","date_gmt":"2019-09-20T16:22:54","guid":{"rendered":"http:\/\/www.caririemacao.com\/1\/?p=118268"},"modified":"2019-09-20T13:22:54","modified_gmt":"2019-09-20T16:22:54","slug":"eco-monteiro-promove-acoes-de-conscientizacao-ambiental-com-entrega-de-mudas","status":"publish","type":"post","link":"https:\/\/www.caririemacao.com\/1\/2019\/09\/20\/eco-monteiro-promove-acoes-de-conscientizacao-ambiental-com-entrega-de-mudas\/","title":{"rendered":"Eco Monteiro promove a\u00e7\u00f5es de conscientiza\u00e7\u00e3o ambiental com entrega de mudas"},"content":{"rendered":"\n<p>Diversas a\u00e7\u00f5es relacionadas \u00e0 conscientiza\u00e7\u00e3o ambiental t\u00eam sido implantadas em Monteiro e fazem parte do Projeto Eco Monteiro.Neste s\u00e1bado estar\u00e3o acess\u00edveis \u00e0 comunidade monteirense centenas de mudas de esp\u00e9cies frut\u00edferas e nativas da regi\u00e3o e ser\u00e3o doadas na Pra\u00e7a de Alimenta\u00e7\u00e3o durante o per\u00edodo da manh\u00e3 a partir das 08 horas.Dentro do Projeto Eco Monteiro destacam-se as a\u00e7\u00f5es que v\u00eam sendo executadas desde setembro de 2018 com a recoloca\u00e7\u00e3o de \u00e1rvores, o incentivo \u00e0 restaura\u00e7\u00e3o ecol\u00f3gica e recupera\u00e7\u00e3o das nascentes do munic\u00edpio e a prote\u00e7\u00e3o e incremento \u00e0 diversidade. Al\u00e9m de tudo isso, a Rede Municipal de Educa\u00e7\u00e3o est\u00e1 engajada no projeto atrav\u00e9s de atos com os estudantes, como o plantio de mudas nas vizinhan\u00e7as da comunidade escolar, al\u00e9m de visitas \u00e0 estufa com aulas com o jardineiro sobre manejo e cultivo das mudas.<\/p>\n\n\n\n<div class=\"wp-block-image\"><figure class=\"alignleft\"><img decoding=\"async\" data-src=\"https:\/\/i2.wp.com\/www.vitrinedocariri.com.br\/wp-content\/uploads\/2019\/09\/Eco-Monteiro-promove-a%C3%A7%C3%B5es-de-conscientiza%C3%A7%C3%A3o-ambiental-com-entrega-de-mudas-5.jpeg?zoom=2&amp;resize=330%2C247&amp;ssl=1\" alt=\"\" class=\"wp-image-53401 lazyload\" src=\"data:image\/svg+xml;base64,PHN2ZyB3aWR0aD0iMSIgaGVpZ2h0PSIxIiB4bWxucz0iaHR0cDovL3d3dy53My5vcmcvMjAwMC9zdmciPjwvc3ZnPg==\" \/><\/figure><\/div>\n\n\n\n<p>&nbsp;\u201cAs mudas disponibilizadas pela Prefeitura s\u00e3o uma forma de contribuir para conscientiza\u00e7\u00e3o ambiental e arboriza\u00e7\u00e3o da cidade. Centenas de mudas de diversas esp\u00e9cies, entre elas, Craibeira, Catingueira, Pauferro, Angico, Madeira Nova, Barriguda, Aroeira, Mulungu, Quixaba, Moringa entre outras, ser\u00e3o doadas para que nosso ecossistema seja ajudado\u201d, pontua a prefeita Anna Lorena.<\/p>\n","protected":false},"excerpt":{"rendered":"<p>Diversas a\u00e7\u00f5es relacionadas \u00e0 conscientiza\u00e7\u00e3o ambiental t\u00eam sido implantadas em Monteiro e fazem parte do Projeto Eco Monteiro.Neste s\u00e1bado estar\u00e3o acess\u00edveis \u00e0 comunidade monteirense centenas&hellip; <\/p>\n","protected":false},"author":1,"featured_media":118270,"comment_status":"closed","ping_status":"closed","sticky":false,"template":"","format":"standard","meta":{"sfsi_plus_gutenberg_text_before_share":"","sfsi_plus_gutenberg_show_text_before_share":"","sfsi_plus_gutenberg_icon_type":"","sfsi_plus_gutenberg_icon_alignemt":"","sfsi_plus_gutenburg_max_per_row":"","footnotes":""},"categories":[6],"tags":[],"class_list":["post-118268","post","type-post","status-publish","format-standard","has-post-thumbnail","hentry","category-cidades"],"_links":{"self":[{"href":"https:\/\/www.caririemacao.com\/1\/wp-json\/wp\/v2\/posts\/118268","targetHints":{"allow":["GET"]}}],"collection":[{"href":"https:\/\/www.caririemacao.com\/1\/wp-json\/wp\/v2\/posts"}],"about":[{"href":"https:\/\/www.caririemacao.com\/1\/wp-json\/wp\/v2\/types\/post"}],"author":[{"embeddable":true,"href":"https:\/\/www.caririemacao.com\/1\/wp-json\/wp\/v2\/users\/1"}],"replies":[{"embeddable":true,"href":"https:\/\/www.caririemacao.com\/1\/wp-json\/wp\/v2\/comments?post=118268"}],"version-history":[{"count":1,"href":"https:\/\/www.caririemacao.com\/1\/wp-json\/wp\/v2\/posts\/118268\/revisions"}],"predecessor-version":[{"id":118271,"href":"https:\/\/www.caririemacao.com\/1\/wp-json\/wp\/v2\/posts\/118268\/revisions\/118271"}],"wp:featuredmedia":[{"embeddable":true,"href":"https:\/\/www.caririemacao.com\/1\/wp-json\/wp\/v2\/media\/118270"}],"wp:attachment":[{"href":"https:\/\/www.caririemacao.com\/1\/wp-json\/wp\/v2\/media?parent=118268"}],"wp:term":[{"taxonomy":"category","embeddable":true,"href":"https:\/\/www.caririemacao.com\/1\/wp-json\/wp\/v2\/categories?post=118268"},{"taxonomy":"post_tag","embeddable":true,"href":"https:\/\/www.caririemacao.com\/1\/wp-json\/wp\/v2\/tags?post=118268"}],"curies":[{"name":"wp","href":"https:\/\/api.w.org\/{rel}","templated":true}]}}