{"id":118278,"date":"2019-09-20T13:25:36","date_gmt":"2019-09-20T16:25:36","guid":{"rendered":"http:\/\/www.caririemacao.com\/1\/?p=118278"},"modified":"2019-09-20T13:25:36","modified_gmt":"2019-09-20T16:25:36","slug":"ifpb-lanca-edital-de-selecao-com-3-670-vagas-em-cursos-tecnicos-monteiro-oferta-vagas","status":"publish","type":"post","link":"https:\/\/www.caririemacao.com\/1\/2019\/09\/20\/ifpb-lanca-edital-de-selecao-com-3-670-vagas-em-cursos-tecnicos-monteiro-oferta-vagas\/","title":{"rendered":"IFPB lan\u00e7a edital de sele\u00e7\u00e3o com 3.670 vagas em cursos t\u00e9cnicos; Monteiro oferta vagas"},"content":{"rendered":"\n<p>O Instituto Federal da Para\u00edba (IFPB) lan\u00e7ou edital de sele\u00e7\u00e3o para ingresso em cursos t\u00e9cnicos no semestre de 2020.1. S\u00e3o ofertadas 3.670 vagas em diversos cursos em todos os campi do IFPB.&nbsp;Veja abaixo os editais.&nbsp;As inscri\u00e7\u00f5es come\u00e7am no dia 23 de setembro e v\u00e3o at\u00e9 o dia 31 de outubro.<\/p>\n\n\n\n<p>Podem se inscrever para os cursos t\u00e9cnicos integrados estudantes que terminaram ou est\u00e3o terminando o ensino fundamental. Para esta modalidade, s\u00e3o ofertadas 2.380 vagas. J\u00e1 para os cursos t\u00e9cnicos subsequentes, que t\u00eam oferta de 1.230 vagas, podem se inscrever aqueles que j\u00e1 conclu\u00edram ou est\u00e3o concluindo o ensino m\u00e9dio. H\u00e1 ainda a sele\u00e7\u00e3o para o curso t\u00e9cnico subsequente em instrumento musical com 60 vagas para os campi de Jo\u00e3o Pessoa e Monteiro.<\/p>\n\n\n\n<h3 class=\"wp-block-heading\">Acesse abaixo os editais:<\/h3>\n\n\n\n<ul class=\"wp-block-list\"><li><a href=\"https:\/\/estudante.ifpb.edu.br\/processoseletivo\/processo\/1\/edicao\/146\/\" target=\"_blank\" rel=\"noreferrer noopener\">Edital 147\/2019 \u2013 PSCT 2020 \u2013 Processo Seletivo para os cursos integrados<\/a><\/li><li><a href=\"https:\/\/estudante.ifpb.edu.br\/processoseletivo\/processo\/1\/edicao\/147\/\" target=\"_blank\" rel=\"noreferrer noopener\">Edital 148\/2019 PSCT 2020.1 \u2013 Processo Sel. para Cursos T\u00e9cnicos Subsequentes<\/a><\/li><li><a href=\"https:\/\/estudante.ifpb.edu.br\/processoseletivo\/processo\/1\/edicao\/148\/\" target=\"_blank\" rel=\"noreferrer noopener\">Edital 149\/2019 PSCT 2020.1 \u2013 Processo Sel. para Curso T\u00e9c. Sub. Instrum Musical<\/a><\/li><\/ul>\n\n\n\n<p>A sele\u00e7\u00e3o se d\u00e1 por an\u00e1lise do desempenho escolar e as inscri\u00e7\u00f5es s\u00e3o gratuitas. Para se inscrever \u00e9 necess\u00e1rio preencher, eletronicamente, todos os itens do formul\u00e1rio de inscri\u00e7\u00e3o, disponibilizado no endere\u00e7o eletr\u00f4nico (<a href=\"https:\/\/estudante.ifpb.edu.br\/\" target=\"_blank\" rel=\"noreferrer noopener\">clique aqui<\/a>) , inclusive o question\u00e1rio socioecon\u00f4mico; anexar Hist\u00f3rico escolar ou documento equivalente. Caso n\u00e3o seja poss\u00edvel anexar o hist\u00f3rico escolar, o candidato poder\u00e1 anexar declara\u00e7\u00e3o emitida pela escola (conforme modelo constante no Anexo II do Edital).<\/p>\n\n\n\n<p>Do total de vagas ofertadas, o IFPB reserva 50% para candidatos egressos de escolas p\u00fablicas. H\u00e1 ainda um percentual voltado para candidatos com renda familiar bruta igual ou inferior a 1,5 sal\u00e1rio m\u00ednimo per capita, pessoas com defici\u00eancia, &nbsp;pessoas autodeclaradas pretos, pardos e ind\u00edgenas.<\/p>\n\n\n\n<p>As vagas para o PSCT 2020 s\u00e3o para os campi de Areia, Cabedelo, Cabedelo Centro, Cajazeiras, Campina Grande, Catol\u00e9 do Rocha, Esperan\u00e7a, Guarabira, Itabaiana, Itaporanga, Jo\u00e3o Pessoa, Mangabeira, Monteiro, Patos, Pedras de Fogo, Picu\u00ed, Princesa Isabel, Santa Luzia, Santa Rita, Soledade e Sousa.<\/p>\n\n\n\n<p>O candidato pode escolher dentre os 89 cursos ofertados nos eixos tecnol\u00f3gicos de: ambiente e sa\u00fade, controle e processos industriais, gest\u00e3o e neg\u00f3cios, informa\u00e7\u00e3o e comunica\u00e7\u00e3o, infraestrutura, produ\u00e7\u00e3o aliment\u00edcia, produ\u00e7\u00e3o cultural e design, recursos naturais e seguran\u00e7a.<\/p>\n\n\n\n<p>O resultado preliminar do processo seletivo est\u00e1 previsto para ser divulgado dia 18 de novembro.<\/p>\n","protected":false},"excerpt":{"rendered":"<p>O Instituto Federal da Para\u00edba (IFPB) lan\u00e7ou edital de sele\u00e7\u00e3o para ingresso em cursos t\u00e9cnicos no semestre de 2020.1. S\u00e3o ofertadas 3.670 vagas em diversos&hellip; <\/p>\n","protected":false},"author":1,"featured_media":118280,"comment_status":"closed","ping_status":"closed","sticky":false,"template":"","format":"standard","meta":{"sfsi_plus_gutenberg_text_before_share":"","sfsi_plus_gutenberg_show_text_before_share":"","sfsi_plus_gutenberg_icon_type":"","sfsi_plus_gutenberg_icon_alignemt":"","sfsi_plus_gutenburg_max_per_row":"","footnotes":""},"categories":[2],"tags":[],"class_list":["post-118278","post","type-post","status-publish","format-standard","has-post-thumbnail","hentry","category-geral"],"_links":{"self":[{"href":"https:\/\/www.caririemacao.com\/1\/wp-json\/wp\/v2\/posts\/118278","targetHints":{"allow":["GET"]}}],"collection":[{"href":"https:\/\/www.caririemacao.com\/1\/wp-json\/wp\/v2\/posts"}],"about":[{"href":"https:\/\/www.caririemacao.com\/1\/wp-json\/wp\/v2\/types\/post"}],"author":[{"embeddable":true,"href":"https:\/\/www.caririemacao.com\/1\/wp-json\/wp\/v2\/users\/1"}],"replies":[{"embeddable":true,"href":"https:\/\/www.caririemacao.com\/1\/wp-json\/wp\/v2\/comments?post=118278"}],"version-history":[{"count":1,"href":"https:\/\/www.caririemacao.com\/1\/wp-json\/wp\/v2\/posts\/118278\/revisions"}],"predecessor-version":[{"id":118281,"href":"https:\/\/www.caririemacao.com\/1\/wp-json\/wp\/v2\/posts\/118278\/revisions\/118281"}],"wp:featuredmedia":[{"embeddable":true,"href":"https:\/\/www.caririemacao.com\/1\/wp-json\/wp\/v2\/media\/118280"}],"wp:attachment":[{"href":"https:\/\/www.caririemacao.com\/1\/wp-json\/wp\/v2\/media?parent=118278"}],"wp:term":[{"taxonomy":"category","embeddable":true,"href":"https:\/\/www.caririemacao.com\/1\/wp-json\/wp\/v2\/categories?post=118278"},{"taxonomy":"post_tag","embeddable":true,"href":"https:\/\/www.caririemacao.com\/1\/wp-json\/wp\/v2\/tags?post=118278"}],"curies":[{"name":"wp","href":"https:\/\/api.w.org\/{rel}","templated":true}]}}