{"id":118287,"date":"2019-09-20T13:28:39","date_gmt":"2019-09-20T16:28:39","guid":{"rendered":"http:\/\/www.caririemacao.com\/1\/?p=118287"},"modified":"2019-09-20T13:28:39","modified_gmt":"2019-09-20T16:28:39","slug":"prefeito-sandro-moco-recebe-tres-caixas-dagua-com-capacidade-para-20-mil-litros-para-armazenar-agua-dessalinizada-no-assentamento-de-eldorado-dos-carajas","status":"publish","type":"post","link":"https:\/\/www.caririemacao.com\/1\/2019\/09\/20\/prefeito-sandro-moco-recebe-tres-caixas-dagua-com-capacidade-para-20-mil-litros-para-armazenar-agua-dessalinizada-no-assentamento-de-eldorado-dos-carajas\/","title":{"rendered":"Prefeito Sandro M\u00f4co recebe tr\u00eas caixas d\u00b4\u00e1gua com capacidade para 20 mil litros para armazenar \u00e1gua dessalinizada no assentamento de Eldorado dos Caraj\u00e1s"},"content":{"rendered":"\n<p>Mais uma conquista do governo de Camala\u00fa est\u00e1 virando realidade gra\u00e7as ao empenho do prefeito Sandro M\u00f4co que n\u00e3o enxerga bandeiras pol\u00edticas e nem difere lados partid\u00e1rios, quando o assunto \u00e9 trazer benef\u00edcios para a popula\u00e7\u00e3o do munic\u00edpio.<br>Acabaram de chegar 03 caixas d&#8217;\u00e1gua que s\u00e3o partes integrantes do projeto do 2\u00ba dessalinizador que foi adquirido na atual gest\u00e3o, e que ser\u00e1 instalado na comunidade do assentamento de Eldorado dos Caraj\u00e1s.<br>Este dessalinizador \u00e9 mais um fruto da parceria viabilizada pelo prefeito entre a gest\u00e3o municipal e o governo do estado, atrav\u00e9s do PROCASE, e o Governo Federal<br>S\u00e3o duas caixas de 05 mil litros e uma de 10 mil. O projeto completo custa mais de 70 mil reais, e trar\u00e1 o benef\u00edcio do consumo da \u00e1gua tratada e de qualidade para mais uma comunidade camalauense.<br>\u201cAgrade\u00e7o a toda parceria que nos gere benef\u00edcios. E n\u00e3o terei vergonha nenhuma em buscar estas parcerias, quando o interesse maior for o bem da popula\u00e7\u00e3o\u201d, disse Sandro M\u00f4co.<br>O dessalinizador do assentamento de Eldorado dos Caraj\u00e1s dever\u00e1 ser inaugurado no prazo mais r\u00e1pido poss\u00edvel, para alegria da comunidade e satisfa\u00e7\u00e3o da atual gest\u00e3o.<br>F\u00c1BIO BRITO<br><\/p>\n","protected":false},"excerpt":{"rendered":"<p>Mais uma conquista do governo de Camala\u00fa est\u00e1 virando realidade gra\u00e7as ao empenho do prefeito Sandro M\u00f4co que n\u00e3o enxerga bandeiras pol\u00edticas e nem difere&hellip; <\/p>\n","protected":false},"author":1,"featured_media":118290,"comment_status":"closed","ping_status":"closed","sticky":false,"template":"","format":"standard","meta":{"sfsi_plus_gutenberg_text_before_share":"","sfsi_plus_gutenberg_show_text_before_share":"","sfsi_plus_gutenberg_icon_type":"","sfsi_plus_gutenberg_icon_alignemt":"","sfsi_plus_gutenburg_max_per_row":"","footnotes":""},"categories":[6],"tags":[],"class_list":["post-118287","post","type-post","status-publish","format-standard","has-post-thumbnail","hentry","category-cidades"],"_links":{"self":[{"href":"https:\/\/www.caririemacao.com\/1\/wp-json\/wp\/v2\/posts\/118287","targetHints":{"allow":["GET"]}}],"collection":[{"href":"https:\/\/www.caririemacao.com\/1\/wp-json\/wp\/v2\/posts"}],"about":[{"href":"https:\/\/www.caririemacao.com\/1\/wp-json\/wp\/v2\/types\/post"}],"author":[{"embeddable":true,"href":"https:\/\/www.caririemacao.com\/1\/wp-json\/wp\/v2\/users\/1"}],"replies":[{"embeddable":true,"href":"https:\/\/www.caririemacao.com\/1\/wp-json\/wp\/v2\/comments?post=118287"}],"version-history":[{"count":1,"href":"https:\/\/www.caririemacao.com\/1\/wp-json\/wp\/v2\/posts\/118287\/revisions"}],"predecessor-version":[{"id":118291,"href":"https:\/\/www.caririemacao.com\/1\/wp-json\/wp\/v2\/posts\/118287\/revisions\/118291"}],"wp:featuredmedia":[{"embeddable":true,"href":"https:\/\/www.caririemacao.com\/1\/wp-json\/wp\/v2\/media\/118290"}],"wp:attachment":[{"href":"https:\/\/www.caririemacao.com\/1\/wp-json\/wp\/v2\/media?parent=118287"}],"wp:term":[{"taxonomy":"category","embeddable":true,"href":"https:\/\/www.caririemacao.com\/1\/wp-json\/wp\/v2\/categories?post=118287"},{"taxonomy":"post_tag","embeddable":true,"href":"https:\/\/www.caririemacao.com\/1\/wp-json\/wp\/v2\/tags?post=118287"}],"curies":[{"name":"wp","href":"https:\/\/api.w.org\/{rel}","templated":true}]}}