{"id":118293,"date":"2019-09-20T13:30:32","date_gmt":"2019-09-20T16:30:32","guid":{"rendered":"http:\/\/www.caririemacao.com\/1\/?p=118293"},"modified":"2019-09-20T13:30:32","modified_gmt":"2019-09-20T16:30:32","slug":"ss-do-umbuzeiro-deve-receber-trator-recursos-para-saude-apoio-para-cultura-e-eventos-uma-patrulha-mecanizada-e-pavimentacao-de-ruas-apos-pedidos-do-prefeito","status":"publish","type":"post","link":"https:\/\/www.caririemacao.com\/1\/2019\/09\/20\/ss-do-umbuzeiro-deve-receber-trator-recursos-para-saude-apoio-para-cultura-e-eventos-uma-patrulha-mecanizada-e-pavimentacao-de-ruas-apos-pedidos-do-prefeito\/","title":{"rendered":"SS do Umbuzeiro deve receber trator, recursos para sa\u00fade, apoio para cultura e eventos, uma patrulha mecanizada e pavimenta\u00e7\u00e3o de ruas ap\u00f3s pedidos do prefeito"},"content":{"rendered":"\n<p>O Prefeito Adriano Wolff&nbsp;&nbsp;de S\u00e3o Sebasti\u00e3o do Umbuzeiro esteve em Bras\u00edlia esta semana onde solicitou v\u00e1rias demandas para sua cidade al\u00e9m de representar a AMCAP em movimento municipalista.<br>O prefeito esteve em busca de recursos para o desenvolvimento de mais a\u00e7\u00f5es para o munic\u00edpio, e se reuniu com o deputado federal Efraim Filho (DEM) onde solicitou ao mesmo um trator pra ajudar os agricultores na ara\u00e7\u00e3o de terras.<br>\u201cEsta proposta j\u00e1 foi cadastrada e atualizado o valor , a cerca de 135 mil e devemos receber at\u00e9 o final do ano, j\u00e1 que recebemos do Deputado a emenda de custeio\u201d, explicou Adriano.<br>O prefeito Umbuzeirense ainda esteve reunido com o Senador Veneziano Vital do R\u00eago, que destinou recentemente , uma emenda no valor de R$ 130 mil para custeio de implemento da m\u00e9dia e alta complexidade (MAC) nos servi\u00e7os de sa\u00fade do munic\u00edpio.Adriano refor\u00e7ou o pedido de mais recursos para custeio na sa\u00fade, apoio para cultura, festas e eventos atrav\u00e9s do Minist\u00e9rio do Turismo, uma patrulha mecanizada atrav\u00e9s do minist\u00e9rio da agricultura e pavimenta\u00e7\u00e3o de ruas minist\u00e9rio das cidades.<br>\u201cEstamos em Bras\u00edlia, buscando mais recursos para o nosso munic\u00edpio, e conseguimos junto com os parlamentares Efraim Filho e Veneziano a solicita\u00e7\u00e3o de novas emendas, o que \u00e9 de grande valia para o munic\u00edpio, e s\u00f3 temos a agradecer por toda aten\u00e7\u00e3o e compromisso com a popula\u00e7\u00e3o de nossa cidade\u201d, frisou o gestor.<br>\u201cTamb\u00e9m agrade\u00e7o ao Presidente da AMCAP, o Prefeito amigo Ronaldo Queiroz que nos deu a confian\u00e7a de representar essa grande entidade aqui em Bras\u00edlia nos eventos municipalistas \u201d, encerrou Adriano.<strong><br><\/strong><strong>COM FESTPB<\/strong><\/p>\n","protected":false},"excerpt":{"rendered":"<p>O Prefeito Adriano Wolff&nbsp;&nbsp;de S\u00e3o Sebasti\u00e3o do Umbuzeiro esteve em Bras\u00edlia esta semana onde solicitou v\u00e1rias demandas para sua cidade al\u00e9m de representar a AMCAP&hellip; <\/p>\n","protected":false},"author":1,"featured_media":118296,"comment_status":"closed","ping_status":"closed","sticky":false,"template":"","format":"standard","meta":{"sfsi_plus_gutenberg_text_before_share":"","sfsi_plus_gutenberg_show_text_before_share":"","sfsi_plus_gutenberg_icon_type":"","sfsi_plus_gutenberg_icon_alignemt":"","sfsi_plus_gutenburg_max_per_row":"","footnotes":""},"categories":[2],"tags":[],"class_list":["post-118293","post","type-post","status-publish","format-standard","has-post-thumbnail","hentry","category-geral"],"_links":{"self":[{"href":"https:\/\/www.caririemacao.com\/1\/wp-json\/wp\/v2\/posts\/118293","targetHints":{"allow":["GET"]}}],"collection":[{"href":"https:\/\/www.caririemacao.com\/1\/wp-json\/wp\/v2\/posts"}],"about":[{"href":"https:\/\/www.caririemacao.com\/1\/wp-json\/wp\/v2\/types\/post"}],"author":[{"embeddable":true,"href":"https:\/\/www.caririemacao.com\/1\/wp-json\/wp\/v2\/users\/1"}],"replies":[{"embeddable":true,"href":"https:\/\/www.caririemacao.com\/1\/wp-json\/wp\/v2\/comments?post=118293"}],"version-history":[{"count":1,"href":"https:\/\/www.caririemacao.com\/1\/wp-json\/wp\/v2\/posts\/118293\/revisions"}],"predecessor-version":[{"id":118297,"href":"https:\/\/www.caririemacao.com\/1\/wp-json\/wp\/v2\/posts\/118293\/revisions\/118297"}],"wp:featuredmedia":[{"embeddable":true,"href":"https:\/\/www.caririemacao.com\/1\/wp-json\/wp\/v2\/media\/118296"}],"wp:attachment":[{"href":"https:\/\/www.caririemacao.com\/1\/wp-json\/wp\/v2\/media?parent=118293"}],"wp:term":[{"taxonomy":"category","embeddable":true,"href":"https:\/\/www.caririemacao.com\/1\/wp-json\/wp\/v2\/categories?post=118293"},{"taxonomy":"post_tag","embeddable":true,"href":"https:\/\/www.caririemacao.com\/1\/wp-json\/wp\/v2\/tags?post=118293"}],"curies":[{"name":"wp","href":"https:\/\/api.w.org\/{rel}","templated":true}]}}