{"id":118309,"date":"2019-09-20T14:07:53","date_gmt":"2019-09-20T17:07:53","guid":{"rendered":"http:\/\/www.caririemacao.com\/1\/?p=118309"},"modified":"2019-09-20T14:07:53","modified_gmt":"2019-09-20T17:07:53","slug":"ministro-aguarda-relatorio-sobre-problema-do-eixo-leste-mas-garante-abastecimento-na-paraiba","status":"publish","type":"post","link":"https:\/\/www.caririemacao.com\/1\/2019\/09\/20\/ministro-aguarda-relatorio-sobre-problema-do-eixo-leste-mas-garante-abastecimento-na-paraiba\/","title":{"rendered":"Ministro aguarda relat\u00f3rio sobre problema do Eixo Leste, mas garante abastecimento na Para\u00edba"},"content":{"rendered":"\n<p>Ap\u00f3s se reunir com o governador Jo\u00e3o Azev\u00eado nesta quarta-feira (18), o ministro do Desenvolvimento Regional, Gustavo Canuto, fez garantias sobre o Eixo Leste e o Eixo Norte da Transposi\u00e7\u00e3o do Rio S\u00e3o Francisco. O deputado federal Efraim Filho divulgou um v\u00eddeo nesta quinta-feira (19) ao lado do ministro para falar sobre as novidades.<\/p>\n\n\n\n<p>De acordo com Canuto, at\u00e9 o fim do m\u00eas deve ser conclu\u00eddo o relat\u00f3rio sobre o problema que atingiu o Eixo Leste da Transposi\u00e7\u00e3o e fez com que a \u00e1gua parasse de ser bombeada. A partir do relat\u00f3rio \u00e9 que poder\u00e1 ser elaborada uma solu\u00e7\u00e3o para o problema, segundo revelou o ministro. \u201cO relat\u00f3rio fica pronto agora no final do m\u00eas e saberemos de forma bem clara qual foi o problema e qual \u00e9 a solu\u00e7\u00e3o\u201d, ressaltou.<\/p>\n\n\n\n<p>Gustavo Canuto ressaltou que \u201ca gente tem que se preocupar com a popula\u00e7\u00e3o ao longo do canal. Foi esse o motivo da paralisa\u00e7\u00e3o, um problema que aconteceu no reservat\u00f3rio de Cacimba Nova\u201d.<\/p>\n\n\n\n<p>Apesar da necessidade de servi\u00e7os para garantir a normalidade do servi\u00e7o, Gustavo Canuto garantiu que o abastecimento na Para\u00edba n\u00e3o ser\u00e1 prejudicado. \u201cSe a interven\u00e7\u00e3o levar muito tempo, buscaremos uma alternativa para garantir que a \u00e1gua siga seu curso. E que n\u00e3o fique Monteiro sem receber as \u00e1guas do Velho Chico e nem o Epit\u00e1cio Pessoa\u201d, sustentou.<\/p>\n\n\n\n<p>Ainda de acordo com Gustavo Canuto, o cronograma de chegada das \u00e1guas do Rio S\u00e3o Francisco pelo Eixo Norte continua com a previs\u00e3o para o primeiro trimestre de 2020. Ele afirmou que foi retomado o bombeamento da terceira esta\u00e7\u00e3o elevat\u00f3ria. \u201cA \u00e1gua j\u00e1 segue seu curso gravitacional at\u00e9 Jati. Previs\u00e3o que chegue em Jati at\u00e9 o final do primeiro trimestre, de l\u00e1 derive para o Cear\u00e1 e depois continue seu curso at\u00e9 Cai\u00e7ara, podendo abastecer a Para\u00edba por Morros e tamb\u00e9m pelo reservat\u00f3rio Cai\u00e7ara\u201d, explicou.<\/p>\n\n\n\n<p><em>Com Click PB<\/em><\/p>\n","protected":false},"excerpt":{"rendered":"<p>Ap\u00f3s se reunir com o governador Jo\u00e3o Azev\u00eado nesta quarta-feira (18), o ministro do Desenvolvimento Regional, Gustavo Canuto, fez garantias sobre o Eixo Leste e&hellip; <\/p>\n","protected":false},"author":1,"featured_media":110361,"comment_status":"closed","ping_status":"closed","sticky":false,"template":"","format":"standard","meta":{"sfsi_plus_gutenberg_text_before_share":"","sfsi_plus_gutenberg_show_text_before_share":"","sfsi_plus_gutenberg_icon_type":"","sfsi_plus_gutenberg_icon_alignemt":"","sfsi_plus_gutenburg_max_per_row":"","footnotes":""},"categories":[2],"tags":[],"class_list":["post-118309","post","type-post","status-publish","format-standard","has-post-thumbnail","hentry","category-geral"],"_links":{"self":[{"href":"https:\/\/www.caririemacao.com\/1\/wp-json\/wp\/v2\/posts\/118309","targetHints":{"allow":["GET"]}}],"collection":[{"href":"https:\/\/www.caririemacao.com\/1\/wp-json\/wp\/v2\/posts"}],"about":[{"href":"https:\/\/www.caririemacao.com\/1\/wp-json\/wp\/v2\/types\/post"}],"author":[{"embeddable":true,"href":"https:\/\/www.caririemacao.com\/1\/wp-json\/wp\/v2\/users\/1"}],"replies":[{"embeddable":true,"href":"https:\/\/www.caririemacao.com\/1\/wp-json\/wp\/v2\/comments?post=118309"}],"version-history":[{"count":1,"href":"https:\/\/www.caririemacao.com\/1\/wp-json\/wp\/v2\/posts\/118309\/revisions"}],"predecessor-version":[{"id":118312,"href":"https:\/\/www.caririemacao.com\/1\/wp-json\/wp\/v2\/posts\/118309\/revisions\/118312"}],"wp:featuredmedia":[{"embeddable":true,"href":"https:\/\/www.caririemacao.com\/1\/wp-json\/wp\/v2\/media\/110361"}],"wp:attachment":[{"href":"https:\/\/www.caririemacao.com\/1\/wp-json\/wp\/v2\/media?parent=118309"}],"wp:term":[{"taxonomy":"category","embeddable":true,"href":"https:\/\/www.caririemacao.com\/1\/wp-json\/wp\/v2\/categories?post=118309"},{"taxonomy":"post_tag","embeddable":true,"href":"https:\/\/www.caririemacao.com\/1\/wp-json\/wp\/v2\/tags?post=118309"}],"curies":[{"name":"wp","href":"https:\/\/api.w.org\/{rel}","templated":true}]}}