{"id":118317,"date":"2019-09-20T14:11:02","date_gmt":"2019-09-20T17:11:02","guid":{"rendered":"http:\/\/www.caririemacao.com\/1\/?p=118317"},"modified":"2019-09-20T14:11:02","modified_gmt":"2019-09-20T17:11:02","slug":"secretario-de-saude-considera-que-paraiba-nao-tem-surto-de-sarampo","status":"publish","type":"post","link":"https:\/\/www.caririemacao.com\/1\/2019\/09\/20\/secretario-de-saude-considera-que-paraiba-nao-tem-surto-de-sarampo\/","title":{"rendered":"Secret\u00e1rio de Sa\u00fade considera que Para\u00edba n\u00e3o tem surto de sarampo"},"content":{"rendered":"\n<p>O secret\u00e1rio de Sa\u00fade do Estado, Geraldo Medeiros, afirmou que os&nbsp;<a href=\"https:\/\/www.clickpb.com.br\/saude\/paraiba-tem-cinco-casos-confirmados-de-sarampo-e-35-em-investigacao-268197.html\">cinco casos confirmados de sarampo<\/a>&nbsp;na Para\u00edba ainda n\u00e3o s\u00e3o suficientes para considerar que o estado tem um surto da doen\u00e7a. Al\u00e9m dos casos confirmados, outros 35 seguem em investiga\u00e7\u00e3o.<\/p>\n\n\n\n<p>Segundo Geraldo Medeiros, tratam-se de casos isolados e ainda \u00e9 cedo para falar em surto no estado. Por isso mesmo, o secret\u00e1rio disse que nenhuma provid\u00eancia diferente ser\u00e1 tomada por enquanto.<\/p>\n\n\n\n<p>\u201cO nosso foco continua sendo vacinar as crian\u00e7as\u201d, disse ele. Devido ao aumento de casos de sarampo em alguns estados, todas as crian\u00e7as de 6 meses a menores de 1 ano devem ser vacinadas. \u00c9 a chamada dose zero. A primeira dose \u00e9 aplicada nas crian\u00e7as que completarem 12 meses e a segunda e \u00faltima dose \u00e9 aplicada aos 15 meses.<\/p>\n","protected":false},"excerpt":{"rendered":"<p>O secret\u00e1rio de Sa\u00fade do Estado, Geraldo Medeiros, afirmou que os&nbsp;cinco casos confirmados de sarampo&nbsp;na Para\u00edba ainda n\u00e3o s\u00e3o suficientes para considerar que o estado&hellip; <\/p>\n","protected":false},"author":1,"featured_media":118319,"comment_status":"closed","ping_status":"closed","sticky":false,"template":"","format":"standard","meta":{"sfsi_plus_gutenberg_text_before_share":"","sfsi_plus_gutenberg_show_text_before_share":"","sfsi_plus_gutenberg_icon_type":"","sfsi_plus_gutenberg_icon_alignemt":"","sfsi_plus_gutenburg_max_per_row":"","footnotes":""},"categories":[16],"tags":[],"class_list":["post-118317","post","type-post","status-publish","format-standard","has-post-thumbnail","hentry","category-saude"],"_links":{"self":[{"href":"https:\/\/www.caririemacao.com\/1\/wp-json\/wp\/v2\/posts\/118317","targetHints":{"allow":["GET"]}}],"collection":[{"href":"https:\/\/www.caririemacao.com\/1\/wp-json\/wp\/v2\/posts"}],"about":[{"href":"https:\/\/www.caririemacao.com\/1\/wp-json\/wp\/v2\/types\/post"}],"author":[{"embeddable":true,"href":"https:\/\/www.caririemacao.com\/1\/wp-json\/wp\/v2\/users\/1"}],"replies":[{"embeddable":true,"href":"https:\/\/www.caririemacao.com\/1\/wp-json\/wp\/v2\/comments?post=118317"}],"version-history":[{"count":1,"href":"https:\/\/www.caririemacao.com\/1\/wp-json\/wp\/v2\/posts\/118317\/revisions"}],"predecessor-version":[{"id":118320,"href":"https:\/\/www.caririemacao.com\/1\/wp-json\/wp\/v2\/posts\/118317\/revisions\/118320"}],"wp:featuredmedia":[{"embeddable":true,"href":"https:\/\/www.caririemacao.com\/1\/wp-json\/wp\/v2\/media\/118319"}],"wp:attachment":[{"href":"https:\/\/www.caririemacao.com\/1\/wp-json\/wp\/v2\/media?parent=118317"}],"wp:term":[{"taxonomy":"category","embeddable":true,"href":"https:\/\/www.caririemacao.com\/1\/wp-json\/wp\/v2\/categories?post=118317"},{"taxonomy":"post_tag","embeddable":true,"href":"https:\/\/www.caririemacao.com\/1\/wp-json\/wp\/v2\/tags?post=118317"}],"curies":[{"name":"wp","href":"https:\/\/api.w.org\/{rel}","templated":true}]}}