{"id":118325,"date":"2019-09-20T14:16:16","date_gmt":"2019-09-20T17:16:16","guid":{"rendered":"http:\/\/www.caririemacao.com\/1\/?p=118325"},"modified":"2019-09-20T14:16:16","modified_gmt":"2019-09-20T17:16:16","slug":"pb-municipios-recebem-r-24-mi-do-fpm","status":"publish","type":"post","link":"https:\/\/www.caririemacao.com\/1\/2019\/09\/20\/pb-municipios-recebem-r-24-mi-do-fpm\/","title":{"rendered":"PB: munic\u00edpios recebem R$ 24 mi do FPM"},"content":{"rendered":"\n<p>Os munic\u00edpios da Para\u00edba recebem, nesta sexta-feira (20), R$24 milh\u00f5es do Fundo de Participa\u00e7\u00e3o dos Munic\u00edpios (FPM), referente ao segundo dec\u00eandio do m\u00eas de setembro.<\/p>\n\n\n\n<p>Com os descontos do Fundo de Manuten\u00e7\u00e3o e Desenvolvimento da Educa\u00e7\u00e3o B\u00e1sica e de Valoriza\u00e7\u00e3o dos Profissionais da Educa\u00e7\u00e3o (Fundeb), da Sa\u00fade e do Pasep, o valor l\u00edquido \u00e9 de quase R$ 16 milh\u00f5es.<\/p>\n\n\n\n<p>De acordo com a Confedera\u00e7\u00e3o Nacional de Munic\u00edpios (CNM), esse dec\u00eandio \u00e9, de modo geral, o menor do m\u00eas e representa em torno do 20% do valor esperado para setembro.<\/p>\n\n\n\n<p>No m\u00eas de agosto,&nbsp;<a href=\"https:\/\/www.maispb.com.br\/404978\/fundo-de-participacao-dos-municipios-tem-queda-de-2541.html\">os prefeitos paraibanos foram surpreendidos com os valores<\/a>&nbsp;do repasse, quando houve uma redu\u00e7\u00e3o de 25,41% em rela\u00e7\u00e3o ao mesmo per\u00edodo do ano passado. O valor tamb\u00e9m foi 13,50% abaixo do que estava previsto.<\/p>\n\n\n\n<p><strong>MaisPB<\/strong><\/p>\n","protected":false},"excerpt":{"rendered":"<p>Os munic\u00edpios da Para\u00edba recebem, nesta sexta-feira (20), R$24 milh\u00f5es do Fundo de Participa\u00e7\u00e3o dos Munic\u00edpios (FPM), referente ao segundo dec\u00eandio do m\u00eas de setembro.&hellip; <\/p>\n","protected":false},"author":1,"featured_media":103549,"comment_status":"closed","ping_status":"closed","sticky":false,"template":"","format":"standard","meta":{"sfsi_plus_gutenberg_text_before_share":"","sfsi_plus_gutenberg_show_text_before_share":"","sfsi_plus_gutenberg_icon_type":"","sfsi_plus_gutenberg_icon_alignemt":"","sfsi_plus_gutenburg_max_per_row":"","footnotes":""},"categories":[6],"tags":[],"class_list":["post-118325","post","type-post","status-publish","format-standard","has-post-thumbnail","hentry","category-cidades"],"_links":{"self":[{"href":"https:\/\/www.caririemacao.com\/1\/wp-json\/wp\/v2\/posts\/118325","targetHints":{"allow":["GET"]}}],"collection":[{"href":"https:\/\/www.caririemacao.com\/1\/wp-json\/wp\/v2\/posts"}],"about":[{"href":"https:\/\/www.caririemacao.com\/1\/wp-json\/wp\/v2\/types\/post"}],"author":[{"embeddable":true,"href":"https:\/\/www.caririemacao.com\/1\/wp-json\/wp\/v2\/users\/1"}],"replies":[{"embeddable":true,"href":"https:\/\/www.caririemacao.com\/1\/wp-json\/wp\/v2\/comments?post=118325"}],"version-history":[{"count":1,"href":"https:\/\/www.caririemacao.com\/1\/wp-json\/wp\/v2\/posts\/118325\/revisions"}],"predecessor-version":[{"id":118327,"href":"https:\/\/www.caririemacao.com\/1\/wp-json\/wp\/v2\/posts\/118325\/revisions\/118327"}],"wp:featuredmedia":[{"embeddable":true,"href":"https:\/\/www.caririemacao.com\/1\/wp-json\/wp\/v2\/media\/103549"}],"wp:attachment":[{"href":"https:\/\/www.caririemacao.com\/1\/wp-json\/wp\/v2\/media?parent=118325"}],"wp:term":[{"taxonomy":"category","embeddable":true,"href":"https:\/\/www.caririemacao.com\/1\/wp-json\/wp\/v2\/categories?post=118325"},{"taxonomy":"post_tag","embeddable":true,"href":"https:\/\/www.caririemacao.com\/1\/wp-json\/wp\/v2\/tags?post=118325"}],"curies":[{"name":"wp","href":"https:\/\/api.w.org\/{rel}","templated":true}]}}