{"id":118330,"date":"2019-09-20T14:20:35","date_gmt":"2019-09-20T17:20:35","guid":{"rendered":"http:\/\/www.caririemacao.com\/1\/?p=118330"},"modified":"2019-09-20T14:20:35","modified_gmt":"2019-09-20T17:20:35","slug":"bolsonaro-e-liberado-para-assembleia-geral-da-onu-em-nova-york","status":"publish","type":"post","link":"https:\/\/www.caririemacao.com\/1\/2019\/09\/20\/bolsonaro-e-liberado-para-assembleia-geral-da-onu-em-nova-york\/","title":{"rendered":"Bolsonaro \u00e9 liberado para Assembleia Geral da ONU em Nova York"},"content":{"rendered":"\n<p>O presidente Jair Bolsonaro foi avaliado hoje (20) pela equipe do cirurgi\u00e3o m\u00e9dico Ant\u00f4nio Macedo, em Bras\u00edlia, e liberado para sua viagem a Nova York, onde participar\u00e1 da abertura da 74\u00aa Assembleia Geral das Na\u00e7\u00f5es Unidas (ONU), na ter\u00e7a-feira (24). O porta-voz da Presid\u00eancia, Ot\u00e1vio R\u00eago Barros, confirmou que Bolsonaro viaja na segunda-feira (23).<\/p>\n\n\n\n<p>De acordo com o boletim m\u00e9dico, o presidente encontra-se em excelentes condi\u00e7\u00f5es cl\u00ednico-cir\u00fargicas e passa, agora, para uma dieta leve, com arroz, pur\u00ea de batata, legumes e file grelhado. Desde que deixou o hospital em S\u00e3o Paulo, h\u00e1 quatro dias, o presidente estava mantendo uma dieta cremosa.<\/p>\n\n\n\n<p>O cirurgi\u00e3o explicou que a nova dieta dar\u00e1 mais autonomia ao presidente durante a ida Nova York e, por ser mais cal\u00f3rica, vai facilitar as condi\u00e7\u00f5es durante o deslocamento. Macedo disse ainda que, depois de uma grande cirurgia e tendo uma viagem de avi\u00e3o, h\u00e1 uma aten\u00e7\u00e3o mair para a parte de circula\u00e7\u00e3o venosa.<\/p>\n\n\n\n<p>\u201cO risco \u00e9 sempre vascular, de veias. Mas ele est\u00e1 com meias el\u00e1sticas, tomando inje\u00e7\u00e3o de anticoagulante e foi orientado que n\u00e3o permane\u00e7a muito tempo sentado, caminhe um pouco no avi\u00e3o e fiquei maior parte do tempo deitado na cama\u201d, disse o cirurgi\u00e3o.<\/p>\n\n\n\n<p>Macedo foi o respons\u00e1vel pelas \u00faltimas tr\u00eas cirurgias do presidente para o tratamento do ferimento \u00e0 faca sofrido por ele em setembro do ano passado, durante ato da campanha eleitoral. Os procedimentos ocorreram no Hospital DF Star, da rede do mesmo hospital que o presidente ficou internado na capital paulista, o Vila Nova Star.<\/p>\n\n\n\n<p>J\u00e1 est\u00e1 programada tamb\u00e9m uma reavalia\u00e7\u00e3o na pr\u00f3xima quinta-feira (26), que ser\u00e1 feita pelo m\u00e9dico da Presid\u00eancia, Ricardo Peixoto Camarinha.<\/p>\n\n\n\n<p>Hoje (20), Bolsonaro foi submetido a exames laboratoriais e raio-x do t\u00f3rax e do adomem. De acordo com Macedo, todos se apresentaram normais, a distens\u00e3o gasosa desapareceu e as al\u00e7as intestinais est\u00e3o funcionando normalmente.<\/p>\n\n\n\n<h2 class=\"wp-block-heading\">Viagem<\/h2>\n\n\n\n<p>O presidente Jair Bolsonaro chega em Nova York na segunda-feira (23) e, na ter\u00e7a-feira (24) tem encontro confirmado com o secret\u00e1rio-geral da ONU, Ant\u00f3nio Guterres, mesma data de seu pronunciamento. N\u00e3o est\u00e3o previstos encontros bilaterais com outros chefes de Estado. O presidente embarca de volta ao Brasil no mesmo dia.<\/p>\n\n\n\n<p>O porta-voz R\u00eago Barros disse que o presidente quer fortalecer a posi\u00e7\u00e3o do Brasil perante a Assembleia Geral da ONU. \u201cVai falar com o cora\u00e7\u00e3o, vai apresentar as quest\u00f5es ambientais\u201d.<\/p>\n","protected":false},"excerpt":{"rendered":"<p>O presidente Jair Bolsonaro foi avaliado hoje (20) pela equipe do cirurgi\u00e3o m\u00e9dico Ant\u00f4nio Macedo, em Bras\u00edlia, e liberado para sua viagem a Nova York,&hellip; <\/p>\n","protected":false},"author":1,"featured_media":118332,"comment_status":"closed","ping_status":"closed","sticky":false,"template":"","format":"standard","meta":{"sfsi_plus_gutenberg_text_before_share":"","sfsi_plus_gutenberg_show_text_before_share":"","sfsi_plus_gutenberg_icon_type":"","sfsi_plus_gutenberg_icon_alignemt":"","sfsi_plus_gutenburg_max_per_row":"","footnotes":""},"categories":[11],"tags":[],"class_list":["post-118330","post","type-post","status-publish","format-standard","has-post-thumbnail","hentry","category-politica"],"_links":{"self":[{"href":"https:\/\/www.caririemacao.com\/1\/wp-json\/wp\/v2\/posts\/118330","targetHints":{"allow":["GET"]}}],"collection":[{"href":"https:\/\/www.caririemacao.com\/1\/wp-json\/wp\/v2\/posts"}],"about":[{"href":"https:\/\/www.caririemacao.com\/1\/wp-json\/wp\/v2\/types\/post"}],"author":[{"embeddable":true,"href":"https:\/\/www.caririemacao.com\/1\/wp-json\/wp\/v2\/users\/1"}],"replies":[{"embeddable":true,"href":"https:\/\/www.caririemacao.com\/1\/wp-json\/wp\/v2\/comments?post=118330"}],"version-history":[{"count":1,"href":"https:\/\/www.caririemacao.com\/1\/wp-json\/wp\/v2\/posts\/118330\/revisions"}],"predecessor-version":[{"id":118333,"href":"https:\/\/www.caririemacao.com\/1\/wp-json\/wp\/v2\/posts\/118330\/revisions\/118333"}],"wp:featuredmedia":[{"embeddable":true,"href":"https:\/\/www.caririemacao.com\/1\/wp-json\/wp\/v2\/media\/118332"}],"wp:attachment":[{"href":"https:\/\/www.caririemacao.com\/1\/wp-json\/wp\/v2\/media?parent=118330"}],"wp:term":[{"taxonomy":"category","embeddable":true,"href":"https:\/\/www.caririemacao.com\/1\/wp-json\/wp\/v2\/categories?post=118330"},{"taxonomy":"post_tag","embeddable":true,"href":"https:\/\/www.caririemacao.com\/1\/wp-json\/wp\/v2\/tags?post=118330"}],"curies":[{"name":"wp","href":"https:\/\/api.w.org\/{rel}","templated":true}]}}