{"id":118342,"date":"2019-09-20T14:42:39","date_gmt":"2019-09-20T17:42:39","guid":{"rendered":"http:\/\/www.caririemacao.com\/1\/?p=118342"},"modified":"2019-09-20T14:42:39","modified_gmt":"2019-09-20T17:42:39","slug":"prefeito-de-caraubas-participa-de-seminario-pb-rural-sustentavel-em-sume","status":"publish","type":"post","link":"https:\/\/www.caririemacao.com\/1\/2019\/09\/20\/prefeito-de-caraubas-participa-de-seminario-pb-rural-sustentavel-em-sume\/","title":{"rendered":"Prefeito de Cara\u00fabas participa de semin\u00e1rio PB Rural Sustent\u00e1vel, em Sum\u00e9"},"content":{"rendered":"\n<p>O prefeito Silvano Dudu esteve participando na manh\u00e3 de ontem, na cidade de Sum\u00e9, do Semin\u00e1rio PB Rural Sustent\u00e1vel realizado pelo Governo do Estado da Para\u00edba atrav\u00e9s do Projeto Cooperar e diversos parceiros, com o objetivo de obter todas as informa\u00e7\u00f5es para implementa\u00e7\u00e3o das politicas p\u00fablicas garantidas pelo programa.<\/p>\n\n\n\n<p>O prefeito se fez acompanhado do secret\u00e1rio da Agricultura, Rone Feitoza, do secret\u00e1rio do Planejamento, Comunica\u00e7\u00e3o e Gest\u00e3o, jornalista Eduardo Belo e da presidente do Conselho Municipal de Desenvolvimento Rural Sustent\u00e1vel, Edvania(Vaninha como \u00e9 mais conhecida).<br>O coordenador geral do Projeto Cooperar, Omar Gama, destacou a participa\u00e7\u00e3o dos agricultores, das associa\u00e7\u00f5es e cooperativas, bem como, das lideran\u00e7as pol\u00edticas dos 32 (trinta e dois) munic\u00edpios do cariri envolvidos na participa\u00e7\u00e3o do semin\u00e1rio. \u201cN\u00f3s temos aqui representatividade de todos os munic\u00edpios que ser\u00e3o contemplados com os subs\u00eddios do programa, garantindo assim a miss\u00e3o do Governo do Estado e do Banco Mundial, em levar essas a\u00e7\u00f5es a todos os munic\u00edpios da Para\u00edba, destacou. Esse saldo \u00e9 muito positivo, pois, ap\u00f3s a conclus\u00e3o dos semin\u00e1rios teremos um levantamento de tudo que foi desenvolvido\u201d, finalizou.<\/p>\n\n\n\n<p>Na oportunidade, o secret\u00e1rio de Estado da Agricultura Familiar, Luiz Couto, disse que o Governo do Estado entende a import\u00e2ncia da agricultura familiar, e chama a aten\u00e7\u00e3o para os investimentos empreendido atrav\u00e9s do PB Rural Sustent\u00e1vel. \u201cN\u00f3s temos que trazer resultados e dignidade para as fam\u00edlias, oferecer condi\u00e7\u00f5es de vida melhor e investimentos para nosso povo. Ent\u00e3o vamos trabalhar juntos porque a Para\u00edba ter\u00e1 um grande avan\u00e7o na agricultura familiar nos pr\u00f3ximos quatros anos onde estar\u00e3o sendo aplicados os recursos do PB Rural\u201d, afirmou.<\/p>\n\n\n\n<p>O programa tem como objetivo melhorar o acesso \u00e0 \u00e1gua, reduzir a vulnerabilidade agroclim\u00e1tica e aumentar o acesso a mercados da popula\u00e7\u00e3o rural da Para\u00edba. Ser\u00e3o investidos R$ 320 milh\u00f5es, que ser\u00e3o aplicados pelo PB Rural. Os recursos ser\u00e3o investidos na parte de seguran\u00e7a h\u00eddrica, perfura\u00e7\u00e3o de po\u00e7os, implanta\u00e7\u00e3o de dessalinizadores, implanta\u00e7\u00e3o de sistemas de abastecimento, para levar \u00e0 comunidade rural recursos de uma maneira direta, implantando inclusive os arranjos produtivos locais, seja de usinas de beneficiamento de mel, seja na produ\u00e7\u00e3o de qualquer produto que venha a partir da agricultura.<\/p>\n\n\n\n<p>O prefeito Silvano Dudu se mostrou satisfeito com o programa e determinou ao secret\u00e1rio da Agricultura Rone Feitoza uma for\u00e7a tarefa junto ao Cooperar para atualizar toda documenta\u00e7\u00e3o das associa\u00e7\u00f5es rurais com o objetivo de que elas possam pleitear esses recursos e benef\u00edcios para centenas de agricultores residentes em \u00e1rea rural e que vem sofrendo com a falta n\u00e3o apenas da seguran\u00e7a h\u00eddrica, mais de valoriza\u00e7\u00e3o do homem do campo, argumentou.<\/p>\n\n\n\n<p>Foram apresentadas as estrat\u00e9gias de implementa\u00e7\u00e3o do Programa PB Rural, atrav\u00e9s de exposi\u00e7\u00f5es dos t\u00e9cnicos do Cooperar sobre o Fortalecimento Institucional; Salvaguardas Socioambientais; Acesso \u00e0 \u00c1gua e Redu\u00e7\u00e3o da Vulnerabilidade Agroclim\u00e1tica, e Alian\u00e7as Produtivas.<\/p>\n\n\n\n<p>Para a presidente do CMDRS do munic\u00edpio de Cara\u00fabas, Edvania Souza, o semin\u00e1rio serviu para esclarecer a funcionalidade do PB Rural Sustent\u00e1vel. Vamos levar toda din\u00e2mica para as associa\u00e7\u00f5es e cooperativas do munic\u00edpio e o Conselho como inst\u00e2ncia m\u00e1xima neste processo far\u00e1 a an\u00e1lise de todos os casos pleiteados para que possamos chegar a todas as comunidades que mais precisam, finalizou.<\/p>\n\n\n\n<p><em>Com Seplacom<\/em><\/p>\n","protected":false},"excerpt":{"rendered":"<p>O prefeito Silvano Dudu esteve participando na manh\u00e3 de ontem, na cidade de Sum\u00e9, do Semin\u00e1rio PB Rural Sustent\u00e1vel realizado pelo Governo do Estado da&hellip; <\/p>\n","protected":false},"author":1,"featured_media":118344,"comment_status":"closed","ping_status":"closed","sticky":false,"template":"","format":"standard","meta":{"sfsi_plus_gutenberg_text_before_share":"","sfsi_plus_gutenberg_show_text_before_share":"","sfsi_plus_gutenberg_icon_type":"","sfsi_plus_gutenberg_icon_alignemt":"","sfsi_plus_gutenburg_max_per_row":"","footnotes":""},"categories":[6],"tags":[],"class_list":["post-118342","post","type-post","status-publish","format-standard","has-post-thumbnail","hentry","category-cidades"],"_links":{"self":[{"href":"https:\/\/www.caririemacao.com\/1\/wp-json\/wp\/v2\/posts\/118342","targetHints":{"allow":["GET"]}}],"collection":[{"href":"https:\/\/www.caririemacao.com\/1\/wp-json\/wp\/v2\/posts"}],"about":[{"href":"https:\/\/www.caririemacao.com\/1\/wp-json\/wp\/v2\/types\/post"}],"author":[{"embeddable":true,"href":"https:\/\/www.caririemacao.com\/1\/wp-json\/wp\/v2\/users\/1"}],"replies":[{"embeddable":true,"href":"https:\/\/www.caririemacao.com\/1\/wp-json\/wp\/v2\/comments?post=118342"}],"version-history":[{"count":1,"href":"https:\/\/www.caririemacao.com\/1\/wp-json\/wp\/v2\/posts\/118342\/revisions"}],"predecessor-version":[{"id":118345,"href":"https:\/\/www.caririemacao.com\/1\/wp-json\/wp\/v2\/posts\/118342\/revisions\/118345"}],"wp:featuredmedia":[{"embeddable":true,"href":"https:\/\/www.caririemacao.com\/1\/wp-json\/wp\/v2\/media\/118344"}],"wp:attachment":[{"href":"https:\/\/www.caririemacao.com\/1\/wp-json\/wp\/v2\/media?parent=118342"}],"wp:term":[{"taxonomy":"category","embeddable":true,"href":"https:\/\/www.caririemacao.com\/1\/wp-json\/wp\/v2\/categories?post=118342"},{"taxonomy":"post_tag","embeddable":true,"href":"https:\/\/www.caririemacao.com\/1\/wp-json\/wp\/v2\/tags?post=118342"}],"curies":[{"name":"wp","href":"https:\/\/api.w.org\/{rel}","templated":true}]}}