{"id":118371,"date":"2019-09-20T15:52:13","date_gmt":"2019-09-20T18:52:13","guid":{"rendered":"http:\/\/www.caririemacao.com\/1\/?p=118371"},"modified":"2019-09-20T15:52:13","modified_gmt":"2019-09-20T18:52:13","slug":"festival-paralimpico-apresenta-esporte-adaptado-a-jovens","status":"publish","type":"post","link":"https:\/\/www.caririemacao.com\/1\/2019\/09\/20\/festival-paralimpico-apresenta-esporte-adaptado-a-jovens\/","title":{"rendered":"Festival Paral\u00edmpico apresenta esporte adaptado a jovens"},"content":{"rendered":"\n<p>Apresentar o esporte adaptado para crian\u00e7as (com e sem defici\u00eancia) \u00e9 o objetivo da&nbsp;segunda&nbsp;edi\u00e7\u00e3o do Festival Paral\u00edmpico, que ocorre neste&nbsp;s\u00e1bado&nbsp;(21), Dia Nacional de Luta da Pessoa com Defici\u00eancia, em 70 cidades do Brasil. O evento \u00e9 organizado pelo Comit\u00ea Paral\u00edmpico Brasileiro (CPB) e celebra o Dia do Atleta Paral\u00edmpico, comemorado no&nbsp;domingo&nbsp;(22). A programa\u00e7\u00e3o \u00e9 gratuita, Confira&nbsp;<a href=\"http:\/\/www.cpb.org.br\/upload\/link\/1a0f988cae8c46838badc30b79aaf23f.pdf\">aqui<\/a>&nbsp;os locais de realiza\u00e7\u00e3o do&nbsp;festival.<\/p>\n\n\n\n<p>Cada sede oferecer\u00e1 uma programa\u00e7\u00e3o com tr\u00eas modalidades, entre atletismo, basquete em cadeira de rodas, bocha, futebol de 5 (para cegos), futebol de 7 (paralisia cerebral), goalball (cegos), jud\u00f4 (cegos), parabadminton, parataekwondo, t\u00eanis de mesa, t\u00eanis em cadeira de rodas e v\u00f4lei sentado. Segundo o CPB, a expectativa \u00e9 receber 11 mil crian\u00e7as e mobilizar, ao todo, 15 mil pessoas \u2014 cinco mil a mais do que no ano passado, na primeira edi\u00e7\u00e3o.<\/p>\n\n\n\n<p>As atividades, voltadas a jovens de 10 a 17 anos, v\u00e3o das 8h30 \u00e0s 11h30 e ser\u00e3o realizadas por educadores f\u00edsicos e volunt\u00e1rios. Os pr\u00f3prios profissionais confeccionaram os materiais que ser\u00e3o utilizados. No goalball, por exemplo, as bolas ser\u00e3o envolvidas por pl\u00e1sticos, para fazerem barulho semelhante ao do guizo presente no equipamento oficial \u2014 os atletas da modalidade localizam a bola na quadra por meio do som.<\/p>\n\n\n\n<p>&#8220;Os materiais (do Festival) s\u00e3o adaptados exatamente para provocar os professores de ensino regular a adaptarem suas aulas, sem a necessidade de equipamentos oficiais de bocha, futebol de 5, goalball, e assim por diante. \u00c9 uma oportunidade \u00edmpar para mostrar aos professores que \u00e9 poss\u00edvel fazer uma aula adaptada e incluir as crian\u00e7as na Educa\u00e7\u00e3o F\u00edsica&#8221;, explica Ramon Pereira, coordenador de Desporto Escolar do CPB.<\/p>\n\n\n\n<p>O festival&nbsp;ter\u00e1 a presen\u00e7a de atletas que conquistaram medalhas nos Jogos Parapan-Americanos de Lima, no Peru. Um exemplo \u00e9&nbsp;o nadador mineiro Gabriel Geraldo, recordista mundial na classe S2 (alto grau de comprometimento f\u00edsico-motor), que participar\u00e1 do evento em Belo Horizonte. Em Salvador, a dupla baiana campe\u00e3 no futebol de 5, Jefinho e C\u00e1ssio Lopes, participar\u00e1&nbsp;das atividades.<\/p>\n\n\n\n<p>&#8220;Refer\u00eancias s\u00e3o sempre importantes, n\u00e3o \u00e9 diferente no paradesporto. Teremos, por exemplo, seis atletas no Par\u00e1 representando o CPB em dois dos n\u00facleos. No Centro de Treinamento Paral\u00edmpico (em S\u00e3o Paulo), como tem um maior n\u00famero de atletas treinando e morando perto, ser\u00e3o 26 (esportistas)&#8221;, detalha Pereira. &#8220;A oportunidade de a crian\u00e7a participar, sabendo que h\u00e1 um atleta paral\u00edmpico, medalhista, e que ela poder\u00e1 um dia ser uma atleta assim, traz motiva\u00e7\u00e3o para, ap\u00f3s o festival, esse jovem procurar uma associa\u00e7\u00e3o e praticar a modalidade&#8221;, conclui.<\/p>\n\n\n\n<h2 class=\"wp-block-heading\">Dia do Atleta Paral\u00edmpico<\/h2>\n\n\n\n<p>A data nacional foi institu\u00edda pelo decreto de lei n\u00ba 12.622, de&nbsp;8 de maio&nbsp;de 2012, passando a ser comemorada a partir de 2014. J\u00e1 o Dia Nacional de Luta da Pessoa com Defici\u00eancia (21 de setembro) existe desde 2005 para conscientizar a import\u00e2ncia de se desenvolver formas de inclus\u00e3o de pessoas com defici\u00eancia na sociedade.<\/p>\n","protected":false},"excerpt":{"rendered":"<p>Apresentar o esporte adaptado para crian\u00e7as (com e sem defici\u00eancia) \u00e9 o objetivo da&nbsp;segunda&nbsp;edi\u00e7\u00e3o do Festival Paral\u00edmpico, que ocorre neste&nbsp;s\u00e1bado&nbsp;(21), Dia Nacional de Luta da&hellip; <\/p>\n","protected":false},"author":1,"featured_media":75242,"comment_status":"closed","ping_status":"closed","sticky":false,"template":"","format":"standard","meta":{"sfsi_plus_gutenberg_text_before_share":"","sfsi_plus_gutenberg_show_text_before_share":"","sfsi_plus_gutenberg_icon_type":"","sfsi_plus_gutenberg_icon_alignemt":"","sfsi_plus_gutenburg_max_per_row":"","footnotes":""},"categories":[13],"tags":[],"class_list":["post-118371","post","type-post","status-publish","format-standard","has-post-thumbnail","hentry","category-esportes"],"_links":{"self":[{"href":"https:\/\/www.caririemacao.com\/1\/wp-json\/wp\/v2\/posts\/118371","targetHints":{"allow":["GET"]}}],"collection":[{"href":"https:\/\/www.caririemacao.com\/1\/wp-json\/wp\/v2\/posts"}],"about":[{"href":"https:\/\/www.caririemacao.com\/1\/wp-json\/wp\/v2\/types\/post"}],"author":[{"embeddable":true,"href":"https:\/\/www.caririemacao.com\/1\/wp-json\/wp\/v2\/users\/1"}],"replies":[{"embeddable":true,"href":"https:\/\/www.caririemacao.com\/1\/wp-json\/wp\/v2\/comments?post=118371"}],"version-history":[{"count":1,"href":"https:\/\/www.caririemacao.com\/1\/wp-json\/wp\/v2\/posts\/118371\/revisions"}],"predecessor-version":[{"id":118373,"href":"https:\/\/www.caririemacao.com\/1\/wp-json\/wp\/v2\/posts\/118371\/revisions\/118373"}],"wp:featuredmedia":[{"embeddable":true,"href":"https:\/\/www.caririemacao.com\/1\/wp-json\/wp\/v2\/media\/75242"}],"wp:attachment":[{"href":"https:\/\/www.caririemacao.com\/1\/wp-json\/wp\/v2\/media?parent=118371"}],"wp:term":[{"taxonomy":"category","embeddable":true,"href":"https:\/\/www.caririemacao.com\/1\/wp-json\/wp\/v2\/categories?post=118371"},{"taxonomy":"post_tag","embeddable":true,"href":"https:\/\/www.caririemacao.com\/1\/wp-json\/wp\/v2\/tags?post=118371"}],"curies":[{"name":"wp","href":"https:\/\/api.w.org\/{rel}","templated":true}]}}