{"id":118378,"date":"2019-09-20T15:55:04","date_gmt":"2019-09-20T18:55:04","guid":{"rendered":"http:\/\/www.caririemacao.com\/1\/?p=118378"},"modified":"2019-09-20T15:55:04","modified_gmt":"2019-09-20T18:55:04","slug":"governo-desbloqueia-r-83-bilhoes-do-orcamento","status":"publish","type":"post","link":"https:\/\/www.caririemacao.com\/1\/2019\/09\/20\/governo-desbloqueia-r-83-bilhoes-do-orcamento\/","title":{"rendered":"Governo desbloqueia R$ 8,3 bilh\u00f5es do Or\u00e7amento"},"content":{"rendered":"\n<p>O governo decidiu descontingenciar mais R$ 8,3 bilh\u00f5es do Or\u00e7amento para distribui\u00e7\u00e3o entre minist\u00e9rios. A informa\u00e7\u00e3o foi confirmada&nbsp;hoje (17)&nbsp;pelo ministro-chefe da Casa Civil, Onyx Lorenzoni, ao chegar ao Senado&nbsp;para uma s\u00e9rie de reuni\u00f5es. Segundo o ministro, o decreto que redistribui os recursos deve ficar pronto na semana que vem.<\/p>\n\n\n\n<p>&#8220;Ontem&nbsp;tivemos uma reuni\u00e3o onde n\u00f3s descontingenciamos mais de R$ 8,3 bilh\u00f5es. Amanh\u00e3 vai ter uma conversa de consolida\u00e7\u00e3o disso para que at\u00e9 o final desta semana, princ\u00edpio da pr\u00f3xima, a gente tenha as portarias prontas e o decreto para poder fazer a redistribui\u00e7\u00e3o&#8221;, disse. Onyx argumentou que os bloqueios no Or\u00e7amento s\u00e3o uma esp\u00e9cie de poupan\u00e7a for\u00e7ada para garantir que os recursos possam ser usados ao longo de todo o ano.<\/p>\n\n\n\n<figure class=\"wp-block-image\"><img decoding=\"async\" data-src=\"http:\/\/imagens.ebc.com.br\/VYcIbWcWzEeLWmgfC9YBRuQIlXA=\/754x0\/smart\/http:\/\/agenciabrasil.ebc.com.br\/sites\/default\/files\/thumbnails\/image\/vac_abr_21081921126.jpg?itok=d61T17da\" alt=\"O ministro da Casa Civil, Onyx Lorenzoni, durante entrevista \u00e0 imprensa no Pal\u00e1cio do Planalto, sobre  as empresas p\u00fablicas que ser\u00e3o inclu\u00eddas na lista de privatiza\u00e7\u00e3o at\u00e9 o final do ano.\" src=\"data:image\/svg+xml;base64,PHN2ZyB3aWR0aD0iMSIgaGVpZ2h0PSIxIiB4bWxucz0iaHR0cDovL3d3dy53My5vcmcvMjAwMC9zdmciPjwvc3ZnPg==\" class=\"lazyload\" \/><\/figure>\n\n\n\n<h6 class=\"wp-block-heading\">O ministro da Casa Civil, Onyx Lorenzoni, diz que na pr\u00f3xima semana governo publica decreto com recursos para minist\u00e9rios &#8211; Arquivo\/Ag\u00eancia Brasil<\/h6>\n\n\n\n<p>Do total que ser\u00e1 descontingenciado nos pr\u00f3ximos dias, o montante de cerca de R$ 1,9 bilh\u00e3o ser\u00e1 para o Minist\u00e9rio da Educa\u00e7\u00e3o (MEC). &#8220;O MEC vai ter praticamente R$ 1,9 bilh\u00e3o de descontingenciamento. Vai poder atender \u00e0s universidades, vai tudo ficar bem, como a gente disse que ia fazer&#8221;, acrescentou.<\/p>\n\n\n\n<p>O governo anuncia os bloqueios e desbloqueios do Or\u00e7amento ao divulgar o&nbsp;<em>Relat\u00f3rio de Avalia\u00e7\u00e3o de Receitas e Despesas<\/em>, a cada dois meses. O pr\u00f3ximo relat\u00f3rio ser\u00e1 divulgado no dia 20 deste m\u00eas e o outro, o \u00faltimo do ano, ser\u00e1 anunciado em novembro. Do Or\u00e7amento deste ano, o governo bloqueou cerca de R$ 33 bilh\u00f5es.<\/p>\n\n\n\n<p>A meta fiscal do governo para 2019 \u00e9 um d\u00e9ficit prim\u00e1rio de R$ 139 bilh\u00f5es para o Governo Central \u2013 Tesouro Nacional, Previd\u00eancia Social e Banco Central. O d\u00e9ficit prim\u00e1rio \u00e9 o resultado negativo nas contas do governo sem o pagamento dos juros da d\u00edvida p\u00fablica.<\/p>\n\n\n\n<h2 class=\"wp-block-heading\">Fundo partid\u00e1rio<\/h2>\n\n\n\n<p>Ao comentar o projeto de lei que altera regras do fundo partid\u00e1rio, Onyx disse que &#8220;s\u00e3o regras, s\u00e3o quest\u00f5es que envolvem a vida dos partidos, mas que n\u00e3o t\u00eam impacto or\u00e7ament\u00e1rio&#8221;. &#8220;Enquanto n\u00e3o tiver impacto or\u00e7ament\u00e1rio, est\u00e1 tudo bem&#8221;.<\/p>\n\n\n\n<p><a href=\"http:\/\/agenciabrasil.ebc.com.br\/politica\/noticia\/2019-09\/camara-aprova-mudancas-nas-regras-eleitorais\" target=\"_blank\" rel=\"noreferrer noopener\">O projeto j\u00e1 foi aprovado pela C\u00e2mara dos Deputados<\/a>&nbsp;e dever\u00e1 ser&nbsp;<a href=\"http:\/\/agenciabrasil.ebc.com.br\/politica\/noticia\/2019-09\/uso-de-dinheiro-publico-em-campanhas-gera-discussao-no-senado\" target=\"_blank\" rel=\"noreferrer noopener\">votado no Senado nas pr\u00f3ximas semanas<\/a>. O texto estabelece o fim do percentual fixo de 30% das emendas de bancada como refer\u00eancia para a destina\u00e7\u00e3o or\u00e7ament\u00e1ria ao Fundo Especial de Financiamento de Campanha, o Fundo Eleitoral, e restringe a aplica\u00e7\u00e3o de multa de 20% sobre o montante considerado irregular em contas de partido reprovadas pela Justi\u00e7a Eleitoral. A multa s\u00f3 seria aplicada nos casos em que o agente teve a inten\u00e7\u00e3o de cometer a infra\u00e7\u00e3o.<\/p>\n\n\n\n<p>O texto aprovado pelos deputados tamb\u00e9m prev\u00ea a volta da propaganda partid\u00e1ria semestral e exce\u00e7\u00f5es aos limites de gastos de campanhas eleitorais. A obriga\u00e7\u00e3o dessa veicula\u00e7\u00e3o em rede nacional e estadual foi extinta pela \u00faltima reforma eleitoral em virtude da cria\u00e7\u00e3o do fundo eleitoral. O PL tamb\u00e9m autoriza a presta\u00e7\u00e3o de contas eleitorais em formatos diversos, em softwares cont\u00e1beis da prefer\u00eancia do partido, sem uma padroniza\u00e7\u00e3o definida pelo Tribunal Superior Eleitoral (TSE).<\/p>\n\n\n\n<p>Para que a nova regra eleitoral possa valer j\u00e1 para as elei\u00e7\u00f5es municipais do ano que vem, precisa ser aprovada pelo Congresso e sancionada, sem vetos, pelo presidente da Rep\u00fablica at\u00e9 o in\u00edcio de outubro, ou seja, um ano antes do pleito.<\/p>\n","protected":false},"excerpt":{"rendered":"<p>O governo decidiu descontingenciar mais R$ 8,3 bilh\u00f5es do Or\u00e7amento para distribui\u00e7\u00e3o entre minist\u00e9rios. A informa\u00e7\u00e3o foi confirmada&nbsp;hoje (17)&nbsp;pelo ministro-chefe da Casa Civil, Onyx Lorenzoni,&hellip; <\/p>\n","protected":false},"author":1,"featured_media":118380,"comment_status":"closed","ping_status":"closed","sticky":false,"template":"","format":"standard","meta":{"sfsi_plus_gutenberg_text_before_share":"","sfsi_plus_gutenberg_show_text_before_share":"","sfsi_plus_gutenberg_icon_type":"","sfsi_plus_gutenberg_icon_alignemt":"","sfsi_plus_gutenburg_max_per_row":"","footnotes":""},"categories":[2],"tags":[],"class_list":["post-118378","post","type-post","status-publish","format-standard","has-post-thumbnail","hentry","category-geral"],"_links":{"self":[{"href":"https:\/\/www.caririemacao.com\/1\/wp-json\/wp\/v2\/posts\/118378","targetHints":{"allow":["GET"]}}],"collection":[{"href":"https:\/\/www.caririemacao.com\/1\/wp-json\/wp\/v2\/posts"}],"about":[{"href":"https:\/\/www.caririemacao.com\/1\/wp-json\/wp\/v2\/types\/post"}],"author":[{"embeddable":true,"href":"https:\/\/www.caririemacao.com\/1\/wp-json\/wp\/v2\/users\/1"}],"replies":[{"embeddable":true,"href":"https:\/\/www.caririemacao.com\/1\/wp-json\/wp\/v2\/comments?post=118378"}],"version-history":[{"count":1,"href":"https:\/\/www.caririemacao.com\/1\/wp-json\/wp\/v2\/posts\/118378\/revisions"}],"predecessor-version":[{"id":118381,"href":"https:\/\/www.caririemacao.com\/1\/wp-json\/wp\/v2\/posts\/118378\/revisions\/118381"}],"wp:featuredmedia":[{"embeddable":true,"href":"https:\/\/www.caririemacao.com\/1\/wp-json\/wp\/v2\/media\/118380"}],"wp:attachment":[{"href":"https:\/\/www.caririemacao.com\/1\/wp-json\/wp\/v2\/media?parent=118378"}],"wp:term":[{"taxonomy":"category","embeddable":true,"href":"https:\/\/www.caririemacao.com\/1\/wp-json\/wp\/v2\/categories?post=118378"},{"taxonomy":"post_tag","embeddable":true,"href":"https:\/\/www.caririemacao.com\/1\/wp-json\/wp\/v2\/tags?post=118378"}],"curies":[{"name":"wp","href":"https:\/\/api.w.org\/{rel}","templated":true}]}}