{"id":118408,"date":"2019-09-20T16:17:54","date_gmt":"2019-09-20T19:17:54","guid":{"rendered":"http:\/\/www.caririemacao.com\/1\/?p=118408"},"modified":"2019-09-20T16:17:54","modified_gmt":"2019-09-20T19:17:54","slug":"papa-francisco-sera-presenteado-com-parte-de-corpo-de-irma-dulce-durante-cerimonia-no-vaticano","status":"publish","type":"post","link":"https:\/\/www.caririemacao.com\/1\/2019\/09\/20\/papa-francisco-sera-presenteado-com-parte-de-corpo-de-irma-dulce-durante-cerimonia-no-vaticano\/","title":{"rendered":"Papa Francisco ser\u00e1 presenteado com parte de corpo de Irm\u00e3 Dulce durante cerim\u00f4nia no Vaticano"},"content":{"rendered":"\n<p>O Papa Francisco ser\u00e1 presenteado com uma parte do corpo de Irm\u00e3 Dulce, durante a cerim\u00f4nia de canoniza\u00e7\u00e3o da futura santa, no Vaticano, no dia 13 de outubro.<\/p>\n\n\n\n<p>Segundo informa\u00e7\u00f5es da Arquidiocese de Salvador, os restos mortais ser\u00e3o entregues em um relic\u00e1rio acompanhado de uma pedra ametista, que ter\u00e1 formato de cora\u00e7\u00e3o. A arquidiocese n\u00e3o informou qual parte do corpo ser\u00e1 entregue.<\/p>\n\n\n\n<p>De acordo com a institui\u00e7\u00e3o, o ato \u00e9 uma pr\u00e1tica comum no catolicismo. Em 2019, o Papa Francisco doou um relic\u00e1rio com peda\u00e7os de ossos de S\u00e3o Pedro ao Patriarca Ecum\u00eanico de Constantinopla Bartolomeu I.<\/p>\n\n\n\n<p>A Arquidiocese de Salvador informou que os relic\u00e1rios t\u00eam uma import\u00e2ncia espiritual e religiosa para os fi\u00e9is.<\/p>\n\n\n\n<p><strong>Canoniza\u00e7\u00e3o<\/strong><\/p>\n\n\n\n<p>A canoniza\u00e7\u00e3o de Irm\u00e3 Dulce ser\u00e1 a terceira mais r\u00e1pida da hist\u00f3ria (27 anos ap\u00f3s seu falecimento), atr\u00e1s apenas da santifica\u00e7\u00e3o de Madre Teresa de Calcut\u00e1 (19 anos ap\u00f3s o falecimento da religiosa) e do Papa Jo\u00e3o Paulo II (9 anos ap\u00f3s sua morte).<br><\/p>\n\n\n\n<p>Irm\u00e3 Dulce teve a canoniza\u00e7\u00e3o marcada ap\u00f3s o Vaticano reconhecer dois milagres atribu\u00eddos a ela. O primeiro foi reconhecido em outubro de 2010, quando Irm\u00e3 Dulce foi beatificada. O segundo foi reconhecido em maio deste ano.<\/p>\n\n\n\n<p>Os dois casos est\u00e3o entre os tr\u00eas que eram analisados no Vaticano. Os relatos de milagre foram enviados pelas Obras Sociais Irm\u00e3 Dulce, em 2014, ap\u00f3s avalia\u00e7\u00e3o de profissionais da pr\u00f3pria institui\u00e7\u00e3o, reunindo mais de 10 mil casos na sede da institui\u00e7\u00e3o, em Salvador.<\/p>\n","protected":false},"excerpt":{"rendered":"<p>O Papa Francisco ser\u00e1 presenteado com uma parte do corpo de Irm\u00e3 Dulce, durante a cerim\u00f4nia de canoniza\u00e7\u00e3o da futura santa, no Vaticano, no dia&hellip; <\/p>\n","protected":false},"author":1,"featured_media":118410,"comment_status":"closed","ping_status":"closed","sticky":false,"template":"","format":"standard","meta":{"sfsi_plus_gutenberg_text_before_share":"","sfsi_plus_gutenberg_show_text_before_share":"","sfsi_plus_gutenberg_icon_type":"","sfsi_plus_gutenberg_icon_alignemt":"","sfsi_plus_gutenburg_max_per_row":"","footnotes":""},"categories":[2],"tags":[],"class_list":["post-118408","post","type-post","status-publish","format-standard","has-post-thumbnail","hentry","category-geral"],"_links":{"self":[{"href":"https:\/\/www.caririemacao.com\/1\/wp-json\/wp\/v2\/posts\/118408","targetHints":{"allow":["GET"]}}],"collection":[{"href":"https:\/\/www.caririemacao.com\/1\/wp-json\/wp\/v2\/posts"}],"about":[{"href":"https:\/\/www.caririemacao.com\/1\/wp-json\/wp\/v2\/types\/post"}],"author":[{"embeddable":true,"href":"https:\/\/www.caririemacao.com\/1\/wp-json\/wp\/v2\/users\/1"}],"replies":[{"embeddable":true,"href":"https:\/\/www.caririemacao.com\/1\/wp-json\/wp\/v2\/comments?post=118408"}],"version-history":[{"count":1,"href":"https:\/\/www.caririemacao.com\/1\/wp-json\/wp\/v2\/posts\/118408\/revisions"}],"predecessor-version":[{"id":118411,"href":"https:\/\/www.caririemacao.com\/1\/wp-json\/wp\/v2\/posts\/118408\/revisions\/118411"}],"wp:featuredmedia":[{"embeddable":true,"href":"https:\/\/www.caririemacao.com\/1\/wp-json\/wp\/v2\/media\/118410"}],"wp:attachment":[{"href":"https:\/\/www.caririemacao.com\/1\/wp-json\/wp\/v2\/media?parent=118408"}],"wp:term":[{"taxonomy":"category","embeddable":true,"href":"https:\/\/www.caririemacao.com\/1\/wp-json\/wp\/v2\/categories?post=118408"},{"taxonomy":"post_tag","embeddable":true,"href":"https:\/\/www.caririemacao.com\/1\/wp-json\/wp\/v2\/tags?post=118408"}],"curies":[{"name":"wp","href":"https:\/\/api.w.org\/{rel}","templated":true}]}}