{"id":118426,"date":"2019-09-21T06:32:15","date_gmt":"2019-09-21T09:32:15","guid":{"rendered":"http:\/\/www.caririemacao.com\/1\/?p=118426"},"modified":"2019-09-21T06:32:15","modified_gmt":"2019-09-21T09:32:15","slug":"secretaria-de-assistencia-social-de-sume-realiza-a-viii-conferencia-municipal-de-assistencia-social","status":"publish","type":"post","link":"https:\/\/www.caririemacao.com\/1\/2019\/09\/21\/secretaria-de-assistencia-social-de-sume-realiza-a-viii-conferencia-municipal-de-assistencia-social\/","title":{"rendered":"Secretaria de Assist\u00eancia Social de Sum\u00e9 realiza a \u201cVIII Confer\u00eancia Municipal de Assist\u00eancia Social\u201d"},"content":{"rendered":"\n<p>O Governo Municipal de Sum\u00e9, atrav\u00e9s da\u00a0Secretaria Municipal de Assist\u00eancia Social\u00a0em parceria com o Conselho Municipal de Assist\u00eancia Social, realizaram nesta sexta-feira, 20 de setembro, a\u00a0VIII Confer\u00eancia Municipal de Assist\u00eancia Social.<\/p>\n\n\n\n<figure class=\"wp-block-image\"><img fetchpriority=\"high\" decoding=\"async\" width=\"1024\" height=\"678\" src=\"http:\/\/www.caririemacao.com\/1\/wp-content\/uploads\/2019\/09\/CONFER\u00caNCIA-DE-ASSIST\u00caNCIA-SOCIAL-2019-6-1024x678.jpg\" alt=\"\" class=\"wp-image-118428\" srcset=\"https:\/\/www.caririemacao.com\/1\/wp-content\/uploads\/2019\/09\/CONFER\u00caNCIA-DE-ASSIST\u00caNCIA-SOCIAL-2019-6-1024x678.jpg 1024w, https:\/\/www.caririemacao.com\/1\/wp-content\/uploads\/2019\/09\/CONFER\u00caNCIA-DE-ASSIST\u00caNCIA-SOCIAL-2019-6-300x199.jpg 300w, https:\/\/www.caririemacao.com\/1\/wp-content\/uploads\/2019\/09\/CONFER\u00caNCIA-DE-ASSIST\u00caNCIA-SOCIAL-2019-6-768x509.jpg 768w, https:\/\/www.caririemacao.com\/1\/wp-content\/uploads\/2019\/09\/CONFER\u00caNCIA-DE-ASSIST\u00caNCIA-SOCIAL-2019-6.jpg 1280w\" sizes=\"(max-width: 1024px) 100vw, 1024px\" \/><\/figure>\n\n\n\n<p>\u00c0s oito horas, no Plen\u00e1rio da C\u00e2mara Municipal, teve in\u00edcio o credenciamento dos participantes e, ap\u00f3s a entoa\u00e7\u00e3o dos hinos Nacional e Municipal, o prefeito \u00c9den Duarte fez a abertura oficial da Confer\u00eancia, seguida pela Secret\u00e1ria Municipal de Assist\u00eancia Social,\u00a0Tanniery L\u00eala.<\/p>\n\n\n\n<figure class=\"wp-block-image\"><img decoding=\"async\" width=\"1024\" height=\"678\" data-src=\"http:\/\/www.caririemacao.com\/1\/wp-content\/uploads\/2019\/09\/CONFER\u00caNCIA-DE-ASSIST\u00caNCIA-SOCIAL-2019-76-1024x678.jpg\" alt=\"\" class=\"wp-image-118430 lazyload\" data-srcset=\"https:\/\/www.caririemacao.com\/1\/wp-content\/uploads\/2019\/09\/CONFER\u00caNCIA-DE-ASSIST\u00caNCIA-SOCIAL-2019-76-1024x678.jpg 1024w, https:\/\/www.caririemacao.com\/1\/wp-content\/uploads\/2019\/09\/CONFER\u00caNCIA-DE-ASSIST\u00caNCIA-SOCIAL-2019-76-300x199.jpg 300w, https:\/\/www.caririemacao.com\/1\/wp-content\/uploads\/2019\/09\/CONFER\u00caNCIA-DE-ASSIST\u00caNCIA-SOCIAL-2019-76-768x509.jpg 768w, https:\/\/www.caririemacao.com\/1\/wp-content\/uploads\/2019\/09\/CONFER\u00caNCIA-DE-ASSIST\u00caNCIA-SOCIAL-2019-76.jpg 1280w\" data-sizes=\"(max-width: 1024px) 100vw, 1024px\" src=\"data:image\/svg+xml;base64,PHN2ZyB3aWR0aD0iMSIgaGVpZ2h0PSIxIiB4bWxucz0iaHR0cDovL3d3dy53My5vcmcvMjAwMC9zdmciPjwvc3ZnPg==\" style=\"--smush-placeholder-width: 1024px; --smush-placeholder-aspect-ratio: 1024\/678;\" \/><\/figure>\n\n\n\n<p>Tamb\u00e9m foi realizada uma palestra teve como tema \u201cAssist\u00eancia Social: Direito do Povo com Financiamento P\u00fablico e Participa\u00e7\u00e3o Social\u201d e, na sequencia os participantes foram divididos em eixos e cada qual discutiu um tema, formulando interessantes propostas para serem encaminhadas \u00e0 Confer\u00eancia Estadual.<\/p>\n\n\n\n<p><a href=\"https:\/\/www.facebook.com\/pg\/CaririEmAcao\/photos\/?tab=album&amp;album_id=1654778754658141\">CLIQUE AQUI E VEJA AS FOTOS.<\/a><\/p>\n","protected":false},"excerpt":{"rendered":"<p>O Governo Municipal de Sum\u00e9, atrav\u00e9s da\u00a0Secretaria Municipal de Assist\u00eancia Social\u00a0em parceria com o Conselho Municipal de Assist\u00eancia Social, realizaram nesta sexta-feira, 20 de setembro,&hellip; <\/p>\n","protected":false},"author":2,"featured_media":118427,"comment_status":"closed","ping_status":"closed","sticky":false,"template":"","format":"standard","meta":{"sfsi_plus_gutenberg_text_before_share":"","sfsi_plus_gutenberg_show_text_before_share":"","sfsi_plus_gutenberg_icon_type":"","sfsi_plus_gutenberg_icon_alignemt":"","sfsi_plus_gutenburg_max_per_row":"","footnotes":""},"categories":[6,50],"tags":[],"class_list":["post-118426","post","type-post","status-publish","format-standard","has-post-thumbnail","hentry","category-cidades","category-destaque"],"_links":{"self":[{"href":"https:\/\/www.caririemacao.com\/1\/wp-json\/wp\/v2\/posts\/118426","targetHints":{"allow":["GET"]}}],"collection":[{"href":"https:\/\/www.caririemacao.com\/1\/wp-json\/wp\/v2\/posts"}],"about":[{"href":"https:\/\/www.caririemacao.com\/1\/wp-json\/wp\/v2\/types\/post"}],"author":[{"embeddable":true,"href":"https:\/\/www.caririemacao.com\/1\/wp-json\/wp\/v2\/users\/2"}],"replies":[{"embeddable":true,"href":"https:\/\/www.caririemacao.com\/1\/wp-json\/wp\/v2\/comments?post=118426"}],"version-history":[{"count":1,"href":"https:\/\/www.caririemacao.com\/1\/wp-json\/wp\/v2\/posts\/118426\/revisions"}],"predecessor-version":[{"id":118431,"href":"https:\/\/www.caririemacao.com\/1\/wp-json\/wp\/v2\/posts\/118426\/revisions\/118431"}],"wp:featuredmedia":[{"embeddable":true,"href":"https:\/\/www.caririemacao.com\/1\/wp-json\/wp\/v2\/media\/118427"}],"wp:attachment":[{"href":"https:\/\/www.caririemacao.com\/1\/wp-json\/wp\/v2\/media?parent=118426"}],"wp:term":[{"taxonomy":"category","embeddable":true,"href":"https:\/\/www.caririemacao.com\/1\/wp-json\/wp\/v2\/categories?post=118426"},{"taxonomy":"post_tag","embeddable":true,"href":"https:\/\/www.caririemacao.com\/1\/wp-json\/wp\/v2\/tags?post=118426"}],"curies":[{"name":"wp","href":"https:\/\/api.w.org\/{rel}","templated":true}]}}