{"id":118432,"date":"2019-09-21T06:57:56","date_gmt":"2019-09-21T09:57:56","guid":{"rendered":"http:\/\/www.caririemacao.com\/1\/?p=118432"},"modified":"2019-09-21T06:57:56","modified_gmt":"2019-09-21T09:57:56","slug":"caps-de-sume-continua-com-atividades-do-setembro-amarelo","status":"publish","type":"post","link":"https:\/\/www.caririemacao.com\/1\/2019\/09\/21\/caps-de-sume-continua-com-atividades-do-setembro-amarelo\/","title":{"rendered":"CAPS de Sum\u00e9 continua com atividades do Setembro Amarelo"},"content":{"rendered":"\n<p>A Campanha Setembro Amarelo continua sendo realizada pelo CAPS \u2013 Esta\u00e7\u00e3o Novos Rumos, de Sum\u00e9 com atividades para os usu\u00e1rios, familiares e demais pessoas que queiram participar.<\/p>\n\n\n\n<p>Com programa\u00e7\u00e3o variada, as a\u00e7\u00f5es conscientizam a popula\u00e7\u00e3o sobre a aten\u00e7\u00e3o necess\u00e1ria que deve ser dada a pensamentos suicidas, depress\u00e3o e isolamento social.<\/p>\n\n\n\n<figure class=\"wp-block-image\"><a href=\"http:\/\/www.sume.pb.gov.br\/wp-content\/uploads\/2019\/09\/IMG-20190920-WA0003.jpg\"><img decoding=\"async\" data-src=\"http:\/\/www.sume.pb.gov.br\/wp-content\/uploads\/2019\/09\/IMG-20190920-WA0003-300x225.jpg\" alt=\"\" src=\"data:image\/svg+xml;base64,PHN2ZyB3aWR0aD0iMSIgaGVpZ2h0PSIxIiB4bWxucz0iaHR0cDovL3d3dy53My5vcmcvMjAwMC9zdmciPjwvc3ZnPg==\" class=\"lazyload\" style=\"--smush-placeholder-width: 300px; --smush-placeholder-aspect-ratio: 300\/225;\" \/><\/a><\/figure>\n\n\n\n<figure class=\"wp-block-image\"><a href=\"http:\/\/www.sume.pb.gov.br\/wp-content\/uploads\/2019\/09\/IMG-20190920-WA0009.jpg\"><img decoding=\"async\" data-src=\"http:\/\/www.sume.pb.gov.br\/wp-content\/uploads\/2019\/09\/IMG-20190920-WA0009-300x225.jpg\" alt=\"\" src=\"data:image\/svg+xml;base64,PHN2ZyB3aWR0aD0iMSIgaGVpZ2h0PSIxIiB4bWxucz0iaHR0cDovL3d3dy53My5vcmcvMjAwMC9zdmciPjwvc3ZnPg==\" class=\"lazyload\" style=\"--smush-placeholder-width: 300px; --smush-placeholder-aspect-ratio: 300\/225;\" \/><\/a><\/figure>\n\n\n\n<figure class=\"wp-block-image\"><a href=\"http:\/\/www.sume.pb.gov.br\/wp-content\/uploads\/2019\/09\/IMG-20190920-WA0011.jpg\"><img decoding=\"async\" data-src=\"http:\/\/www.sume.pb.gov.br\/wp-content\/uploads\/2019\/09\/IMG-20190920-WA0011-300x225.jpg\" alt=\"\" src=\"data:image\/svg+xml;base64,PHN2ZyB3aWR0aD0iMSIgaGVpZ2h0PSIxIiB4bWxucz0iaHR0cDovL3d3dy53My5vcmcvMjAwMC9zdmciPjwvc3ZnPg==\" class=\"lazyload\" style=\"--smush-placeholder-width: 300px; --smush-placeholder-aspect-ratio: 300\/225;\" \/><\/a><\/figure>\n\n\n\n<p>Esta semana o CAPS realizou um piquenique na \u00e1rea experimental do Projeto Sum\u00e9 com Flores, no Campus do CDSA. O CAPS I de Monteiro tamb\u00e9m participou do momento como convidados.<\/p>\n\n\n\n<p>Na tarde desta quinta-feira (19), foi a vez do Pedal Amarelo, com a participa\u00e7\u00e3o de ciclistas do munic\u00edpio, que percorram as ruas da cidade chamando a aten\u00e7\u00e3o para o tema.<\/p>\n\n\n\n<figure class=\"wp-block-image\"><a href=\"http:\/\/www.sume.pb.gov.br\/wp-content\/uploads\/2019\/09\/IMG-20190920-WA0005.jpg\"><img decoding=\"async\" data-src=\"http:\/\/www.sume.pb.gov.br\/wp-content\/uploads\/2019\/09\/IMG-20190920-WA0005-300x152.jpg\" alt=\"\" src=\"data:image\/svg+xml;base64,PHN2ZyB3aWR0aD0iMSIgaGVpZ2h0PSIxIiB4bWxucz0iaHR0cDovL3d3dy53My5vcmcvMjAwMC9zdmciPjwvc3ZnPg==\" class=\"lazyload\" style=\"--smush-placeholder-width: 300px; --smush-placeholder-aspect-ratio: 300\/152;\" \/><\/a><\/figure>\n\n\n\n<figure class=\"wp-block-image\"><a href=\"http:\/\/www.sume.pb.gov.br\/wp-content\/uploads\/2019\/09\/IMG-20190920-WA0006.jpg\"><img decoding=\"async\" data-src=\"http:\/\/www.sume.pb.gov.br\/wp-content\/uploads\/2019\/09\/IMG-20190920-WA0006-300x169.jpg\" alt=\"\" src=\"data:image\/svg+xml;base64,PHN2ZyB3aWR0aD0iMSIgaGVpZ2h0PSIxIiB4bWxucz0iaHR0cDovL3d3dy53My5vcmcvMjAwMC9zdmciPjwvc3ZnPg==\" class=\"lazyload\" style=\"--smush-placeholder-width: 300px; --smush-placeholder-aspect-ratio: 300\/169;\" \/><\/a><\/figure>\n\n\n\n<figure class=\"wp-block-image\"><a href=\"http:\/\/www.sume.pb.gov.br\/wp-content\/uploads\/2019\/09\/IMG-20190920-WA0007.jpg\"><img decoding=\"async\" data-src=\"http:\/\/www.sume.pb.gov.br\/wp-content\/uploads\/2019\/09\/IMG-20190920-WA0007-300x235.jpg\" alt=\"\" src=\"data:image\/svg+xml;base64,PHN2ZyB3aWR0aD0iMSIgaGVpZ2h0PSIxIiB4bWxucz0iaHR0cDovL3d3dy53My5vcmcvMjAwMC9zdmciPjwvc3ZnPg==\" class=\"lazyload\" style=\"--smush-placeholder-width: 300px; --smush-placeholder-aspect-ratio: 300\/235;\" \/><\/a><\/figure>\n\n\n\n<p>A programa\u00e7\u00e3o do setembro Amarelo em Sum\u00e9 se encerra no pr\u00f3ximo dia 25 com a palestra do m\u00e9dico psiquiatra, Thiago Guedes de Andrade, com o tema: \u201cCombater o estigma \u00e9 salvar vidas\u201d.<\/p>\n\n\n\n<p>A palestra acontecer\u00e1 no audit\u00f3rio da Secretaria de Educa\u00e7\u00e3o, \u00e0s 09h e ser\u00e1 aberta ao p\u00fablico.<\/p>\n\n\n\n<p>Ascom<\/p>\n","protected":false},"excerpt":{"rendered":"<p>A Campanha Setembro Amarelo continua sendo realizada pelo CAPS \u2013 Esta\u00e7\u00e3o Novos Rumos, de Sum\u00e9 com atividades para os usu\u00e1rios, familiares e demais pessoas que&hellip; <\/p>\n","protected":false},"author":1,"featured_media":118434,"comment_status":"closed","ping_status":"closed","sticky":false,"template":"","format":"standard","meta":{"sfsi_plus_gutenberg_text_before_share":"","sfsi_plus_gutenberg_show_text_before_share":"","sfsi_plus_gutenberg_icon_type":"","sfsi_plus_gutenberg_icon_alignemt":"","sfsi_plus_gutenburg_max_per_row":"","footnotes":""},"categories":[2],"tags":[],"class_list":["post-118432","post","type-post","status-publish","format-standard","has-post-thumbnail","hentry","category-geral"],"_links":{"self":[{"href":"https:\/\/www.caririemacao.com\/1\/wp-json\/wp\/v2\/posts\/118432","targetHints":{"allow":["GET"]}}],"collection":[{"href":"https:\/\/www.caririemacao.com\/1\/wp-json\/wp\/v2\/posts"}],"about":[{"href":"https:\/\/www.caririemacao.com\/1\/wp-json\/wp\/v2\/types\/post"}],"author":[{"embeddable":true,"href":"https:\/\/www.caririemacao.com\/1\/wp-json\/wp\/v2\/users\/1"}],"replies":[{"embeddable":true,"href":"https:\/\/www.caririemacao.com\/1\/wp-json\/wp\/v2\/comments?post=118432"}],"version-history":[{"count":1,"href":"https:\/\/www.caririemacao.com\/1\/wp-json\/wp\/v2\/posts\/118432\/revisions"}],"predecessor-version":[{"id":118435,"href":"https:\/\/www.caririemacao.com\/1\/wp-json\/wp\/v2\/posts\/118432\/revisions\/118435"}],"wp:featuredmedia":[{"embeddable":true,"href":"https:\/\/www.caririemacao.com\/1\/wp-json\/wp\/v2\/media\/118434"}],"wp:attachment":[{"href":"https:\/\/www.caririemacao.com\/1\/wp-json\/wp\/v2\/media?parent=118432"}],"wp:term":[{"taxonomy":"category","embeddable":true,"href":"https:\/\/www.caririemacao.com\/1\/wp-json\/wp\/v2\/categories?post=118432"},{"taxonomy":"post_tag","embeddable":true,"href":"https:\/\/www.caririemacao.com\/1\/wp-json\/wp\/v2\/tags?post=118432"}],"curies":[{"name":"wp","href":"https:\/\/api.w.org\/{rel}","templated":true}]}}