{"id":118452,"date":"2019-09-21T07:47:31","date_gmt":"2019-09-21T10:47:31","guid":{"rendered":"http:\/\/www.caririemacao.com\/1\/?p=118452"},"modified":"2019-09-21T07:47:31","modified_gmt":"2019-09-21T10:47:31","slug":"sudema-classifica-55-praias-como-proprias-para-banho-no-litoral-paraibano-neste-final-de-semana","status":"publish","type":"post","link":"https:\/\/www.caririemacao.com\/1\/2019\/09\/21\/sudema-classifica-55-praias-como-proprias-para-banho-no-litoral-paraibano-neste-final-de-semana\/","title":{"rendered":"Sudema classifica 55 praias como pr\u00f3prias para banho no litoral paraibano neste final de semana"},"content":{"rendered":"\n<p>A Superintend\u00eancia de Administra\u00e7\u00e3o do Meio Ambiente(Sudema) classificou 55&nbsp;praias do litoral paraibano como pr\u00f3prias para o banho, neste final de semana.&nbsp;Ainda de acordo com relat\u00f3rio, das 57 praias monitoradas, apenas duas&nbsp;foram consideradas impr\u00f3prias para banho.<\/p>\n\n\n\n<p>O relat\u00f3rio foi divulgado no site do \u00f3rg\u00e3o.<\/p>\n\n\n\n<p>Confira as praias impr\u00f3prias e os trechos<\/p>\n\n\n\n<p><strong>Jo\u00e3o Pessoa<\/strong><\/p>\n\n\n\n<ul class=\"wp-block-list\"><li>Praia de&nbsp;Mana\u00edra &#8211;&nbsp;Em frente ao N\u00b0 1461 da Av. Jo\u00e3o Maur\u00edcio<\/li><\/ul>\n\n\n\n<p><strong>Pitimbu<\/strong><\/p>\n\n\n\n<ul class=\"wp-block-list\"><li>Praia do Macei\u00f3 &#8211;&nbsp;Em frente a desembocadura do riacho Engenho Velho<\/li><\/ul>\n","protected":false},"excerpt":{"rendered":"<p>A Superintend\u00eancia de Administra\u00e7\u00e3o do Meio Ambiente(Sudema) classificou 55&nbsp;praias do litoral paraibano como pr\u00f3prias para o banho, neste final de semana.&nbsp;Ainda de acordo com relat\u00f3rio,&hellip; <\/p>\n","protected":false},"author":1,"featured_media":118454,"comment_status":"closed","ping_status":"closed","sticky":false,"template":"","format":"standard","meta":{"sfsi_plus_gutenberg_text_before_share":"","sfsi_plus_gutenberg_show_text_before_share":"","sfsi_plus_gutenberg_icon_type":"","sfsi_plus_gutenberg_icon_alignemt":"","sfsi_plus_gutenburg_max_per_row":"","footnotes":""},"categories":[6],"tags":[],"class_list":["post-118452","post","type-post","status-publish","format-standard","has-post-thumbnail","hentry","category-cidades"],"_links":{"self":[{"href":"https:\/\/www.caririemacao.com\/1\/wp-json\/wp\/v2\/posts\/118452","targetHints":{"allow":["GET"]}}],"collection":[{"href":"https:\/\/www.caririemacao.com\/1\/wp-json\/wp\/v2\/posts"}],"about":[{"href":"https:\/\/www.caririemacao.com\/1\/wp-json\/wp\/v2\/types\/post"}],"author":[{"embeddable":true,"href":"https:\/\/www.caririemacao.com\/1\/wp-json\/wp\/v2\/users\/1"}],"replies":[{"embeddable":true,"href":"https:\/\/www.caririemacao.com\/1\/wp-json\/wp\/v2\/comments?post=118452"}],"version-history":[{"count":1,"href":"https:\/\/www.caririemacao.com\/1\/wp-json\/wp\/v2\/posts\/118452\/revisions"}],"predecessor-version":[{"id":118455,"href":"https:\/\/www.caririemacao.com\/1\/wp-json\/wp\/v2\/posts\/118452\/revisions\/118455"}],"wp:featuredmedia":[{"embeddable":true,"href":"https:\/\/www.caririemacao.com\/1\/wp-json\/wp\/v2\/media\/118454"}],"wp:attachment":[{"href":"https:\/\/www.caririemacao.com\/1\/wp-json\/wp\/v2\/media?parent=118452"}],"wp:term":[{"taxonomy":"category","embeddable":true,"href":"https:\/\/www.caririemacao.com\/1\/wp-json\/wp\/v2\/categories?post=118452"},{"taxonomy":"post_tag","embeddable":true,"href":"https:\/\/www.caririemacao.com\/1\/wp-json\/wp\/v2\/tags?post=118452"}],"curies":[{"name":"wp","href":"https:\/\/api.w.org\/{rel}","templated":true}]}}