{"id":118507,"date":"2019-09-21T12:13:53","date_gmt":"2019-09-21T15:13:53","guid":{"rendered":"http:\/\/www.caririemacao.com\/1\/?p=118507"},"modified":"2019-09-21T12:13:53","modified_gmt":"2019-09-21T15:13:53","slug":"crianca-de-8-anos-morre-apos-ser-baleada-em-acao-policial","status":"publish","type":"post","link":"https:\/\/www.caririemacao.com\/1\/2019\/09\/21\/crianca-de-8-anos-morre-apos-ser-baleada-em-acao-policial\/","title":{"rendered":"Crian\u00e7a de 8 anos morre ap\u00f3s ser baleada em a\u00e7\u00e3o policial"},"content":{"rendered":"\n<p>&nbsp;menina \u00c1gatha F\u00e9lix, de 8 anos, n\u00e3o resistiu aos ferimentos e morreu na madrugada deste s\u00e1bado. Ela foi atingida nas costas por um tiro de fuzil, na noite desta sexta-feira, na Fazendinha, no Complexo do Alem\u00e3o, Zona Norte do Rio. Ela estava dentro de uma Kombi no momento em que foi baleada. A crian\u00e7a foi levada para o Hospital Estadual Get\u00falio Vargas, na Penha, tamb\u00e9m na Zona Norte. O av\u00f4 materno da crian\u00e7a, identificado como Ailton F\u00e9lix, pediu explica\u00e7\u00f5es sobre o disparo:<\/p>\n\n\n\n<p>\u2014 Quem tem que dar informa\u00e7\u00f5es \u00e9 quem deu o tiro nela. Matou uma inocente, uma garota inteligente, estudiosa, obediente, de futuro. Cad\u00ea o policiais que fizeram isso? A voz deles \u00e9 a arma. N\u00e3o \u00e9 a fam\u00edlia do governador ou do prefeito ou dos policiais que est\u00e3o chorando, \u00e9 a minha. Amanh\u00e3 eles v\u00e3o pedir desculpas, mas isso n\u00e3o vai trazer minha neta de volta. \u2014 exclamou o av\u00f4 em tom de revolta.<\/p>\n\n\n\n<p>A m\u00e3e de \u00c1gatha, identificada apenas como Vanessa, teve que sair do hospital de cadeiras de rodas. Ela passou mal ao saber da not\u00edcia e teve que ser amparada por familiares e amigos.<\/p>\n\n\n\n<p>Segundo moradores, o autor do disparo seria uma policial militar da Unidade de Pol\u00edcia Pacificadora (UPP) da comunidade, que teria suspeitado de um motociclista que passava no local. Em nota, a PM informou que a Coordenadoria de Pol\u00edcia Pacificadora vai abrir um procedimento apurat\u00f3rio para verificar as circunst\u00e2ncias do fato.<\/p>\n\n\n\n<p>A corpora\u00e7\u00e3o informou que equipes da UPP estavam baseadas na esquina da Rua Ant\u00f4nio Austrag\u00e9silo com a Rua Nossa Senhora quando foram atacadas por criminosos. Os agentes revidaram, segundo a PM. Ainda de acordo com a Pol\u00edcia Militar, moradores informaram \u00e0 equipe que a menina havia sido baleada na localidade conhecida como Estofador. Os agentes foram ao Hospital Get\u00falio Vargas, onde confirmaram a entrada da v\u00edtima, ferida por arma de fogo, na unidade de sa\u00fade.<\/p>\n\n\n\n<p><strong>Veja a nota da PM<\/strong><br><em>A Assessoria de Imprensa da Secretaria de Estado de Pol\u00edcia Militar informa que, por volta das 22h desta sexta-feira, 20\/09, equipes policiais da UPP Fazendinha, que estavam baseadas na esquina da Rua Ant\u00f4nio Austrag\u00e9silo com a Rua Nossa Senhora, foram atacadas de v\u00e1rias localidades da comunidade de forma simult\u00e2nea. Os policiais revidaram \u00e0 agress\u00e3o.<\/em><\/p>\n\n\n\n<p><em>Ap\u00f3s o confronto, n\u00e3o foi encontrado feridos na varredura do local. Na sequ\u00eancia, os policias foram informados por populares que um morador teria sido ferido na localidade conhecida como \u201cEstofador\u201d.<\/em><\/p>\n\n\n\n<p><em>Uma equipe da UPP se deslocou at\u00e9 o Hospital Get\u00falio Vargas e confirmou a entrada de uma crian\u00e7a de 8 anos ferida por disparo de arma de fogo.<\/em><\/p>\n\n\n\n<p><em>A Coordenadoria de Pol\u00edcia Pacificadora (CPP) ir\u00e1 abrir um procedimento apurat\u00f3rio para verificar todas as circunst\u00e2ncias da a\u00e7\u00e3o.<\/em><\/p>\n","protected":false},"excerpt":{"rendered":"<p>&nbsp;menina \u00c1gatha F\u00e9lix, de 8 anos, n\u00e3o resistiu aos ferimentos e morreu na madrugada deste s\u00e1bado. Ela foi atingida nas costas por um tiro de&hellip; <\/p>\n","protected":false},"author":1,"featured_media":118509,"comment_status":"closed","ping_status":"closed","sticky":false,"template":"","format":"standard","meta":{"sfsi_plus_gutenberg_text_before_share":"","sfsi_plus_gutenberg_show_text_before_share":"","sfsi_plus_gutenberg_icon_type":"","sfsi_plus_gutenberg_icon_alignemt":"","sfsi_plus_gutenburg_max_per_row":"","footnotes":""},"categories":[12],"tags":[],"class_list":["post-118507","post","type-post","status-publish","format-standard","has-post-thumbnail","hentry","category-policia"],"_links":{"self":[{"href":"https:\/\/www.caririemacao.com\/1\/wp-json\/wp\/v2\/posts\/118507","targetHints":{"allow":["GET"]}}],"collection":[{"href":"https:\/\/www.caririemacao.com\/1\/wp-json\/wp\/v2\/posts"}],"about":[{"href":"https:\/\/www.caririemacao.com\/1\/wp-json\/wp\/v2\/types\/post"}],"author":[{"embeddable":true,"href":"https:\/\/www.caririemacao.com\/1\/wp-json\/wp\/v2\/users\/1"}],"replies":[{"embeddable":true,"href":"https:\/\/www.caririemacao.com\/1\/wp-json\/wp\/v2\/comments?post=118507"}],"version-history":[{"count":1,"href":"https:\/\/www.caririemacao.com\/1\/wp-json\/wp\/v2\/posts\/118507\/revisions"}],"predecessor-version":[{"id":118510,"href":"https:\/\/www.caririemacao.com\/1\/wp-json\/wp\/v2\/posts\/118507\/revisions\/118510"}],"wp:featuredmedia":[{"embeddable":true,"href":"https:\/\/www.caririemacao.com\/1\/wp-json\/wp\/v2\/media\/118509"}],"wp:attachment":[{"href":"https:\/\/www.caririemacao.com\/1\/wp-json\/wp\/v2\/media?parent=118507"}],"wp:term":[{"taxonomy":"category","embeddable":true,"href":"https:\/\/www.caririemacao.com\/1\/wp-json\/wp\/v2\/categories?post=118507"},{"taxonomy":"post_tag","embeddable":true,"href":"https:\/\/www.caririemacao.com\/1\/wp-json\/wp\/v2\/tags?post=118507"}],"curies":[{"name":"wp","href":"https:\/\/api.w.org\/{rel}","templated":true}]}}