{"id":118517,"date":"2019-09-21T12:18:03","date_gmt":"2019-09-21T15:18:03","guid":{"rendered":"http:\/\/www.caririemacao.com\/1\/?p=118517"},"modified":"2019-09-21T12:18:03","modified_gmt":"2019-09-21T15:18:03","slug":"flordelis-e-filhos-participam-de-reconstituicao-da-morte-do-pastor-anderson","status":"publish","type":"post","link":"https:\/\/www.caririemacao.com\/1\/2019\/09\/21\/flordelis-e-filhos-participam-de-reconstituicao-da-morte-do-pastor-anderson\/","title":{"rendered":"Flordelis e filhos participam de reconstitui\u00e7\u00e3o da morte do pastor Anderson"},"content":{"rendered":"\n<p>&nbsp;Pol\u00edcia Civil marcou para este s\u00e1bado (21), \u00e0s 21h, a reconstitui\u00e7\u00e3o da morte do pastor Anderson do Carmo, ocorrida em 16 de junho em Pendotiba, Niter\u00f3i, na Regi\u00e3o Metropolitana do Rio. A deputada federal Flordelis e filhos do casal, investigados pela Delegacia de Homic\u00eddios de Niter\u00f3i por suspeita de envolvimento com o crime, participar\u00e3o da reprodu\u00e7\u00e3o simulada.<\/p>\n\n\n\n<p>Os dois filhos de Flordelis que est\u00e3o presos tamb\u00e9m v\u00e3o participar da reconstitui\u00e7\u00e3o.&nbsp;<\/p>\n\n\n\n<p>S\u00e3o eles:<\/p>\n\n\n\n<p>Fl\u00e1vio Rodrigues \u2013 apontado pela pol\u00edcia como o autor dos disparos.<br>Lucas de Souza \u2013 suspeito de conseguir a arma do crime.<\/p>\n\n\n\n<p>Fl\u00e1vio \u00e9 filho biol\u00f3gico de Flordelis. Lucas foi adotado. Eles viraram r\u00e9us pela participa\u00e7\u00e3o no crime e ter\u00e3o que aguardar o julgamento em regime fechado.<\/p>\n\n\n\n<p>De acordo com a den\u00fancia do MP, Fl\u00e1vio vai responder por porte ilegal de arma de fogo. A acusa\u00e7\u00e3o diz que foi ele quem atirou no pastor. J\u00e1 o irm\u00e3o teria sido seu c\u00famplice ao comprar a arma do crime. O armamento, segundo depoimento do motorista de Flordelis, foi adquirido na favela Nova Holanda, no Complexo da Mar\u00e9.<\/p>\n\n\n\n<p>Os dois s\u00e3o acusados de homic\u00eddio triplamente qualificado (por motivo torpe, meio cruel e impossibilidade de defesa da v\u00edtima), com pena prevista de 12 a 30 anos.<\/p>\n\n\n\n<p>O crime completou tr\u00eas meses na segunda-feira (16). A suspeita \u00e9 que o pastor foi morto por motivos financeiros e desaven\u00e7as sobre a gest\u00e3o patrimonial da fam\u00edlia.<\/p>\n\n\n\n<p><strong>Pol\u00edcia apreende pe\u00e7as-chave<\/strong><\/p>\n\n\n\n<p>Nesta ter\u00e7a-feira (17), a pol\u00edcia cumpriu mandados de busca e apreens\u00e3o em quatro endere\u00e7os ligados \u00e0 deputada no Rio de Janeiro e no apartamento funcional em Bras\u00edlia.<\/p>\n\n\n\n<p>Entre documentos e equipamentos recolhidos, os investigadores destacam o celular de Lorrayne, uma das netas de Flordelis, e um computador que pertencia ao pastor.<\/p>\n\n\n\n<p>A per\u00edcia vai verificar se o laptop foi pareado com o telefone e conter mais informa\u00e7\u00f5es \u2013 al\u00e9m de e-mails e registros de bate-papos.<\/p>\n","protected":false},"excerpt":{"rendered":"<p>&nbsp;Pol\u00edcia Civil marcou para este s\u00e1bado (21), \u00e0s 21h, a reconstitui\u00e7\u00e3o da morte do pastor Anderson do Carmo, ocorrida em 16 de junho em Pendotiba,&hellip; <\/p>\n","protected":false},"author":1,"featured_media":118518,"comment_status":"closed","ping_status":"closed","sticky":false,"template":"","format":"standard","meta":{"sfsi_plus_gutenberg_text_before_share":"","sfsi_plus_gutenberg_show_text_before_share":"","sfsi_plus_gutenberg_icon_type":"","sfsi_plus_gutenberg_icon_alignemt":"","sfsi_plus_gutenburg_max_per_row":"","footnotes":""},"categories":[2],"tags":[],"class_list":["post-118517","post","type-post","status-publish","format-standard","has-post-thumbnail","hentry","category-geral"],"_links":{"self":[{"href":"https:\/\/www.caririemacao.com\/1\/wp-json\/wp\/v2\/posts\/118517","targetHints":{"allow":["GET"]}}],"collection":[{"href":"https:\/\/www.caririemacao.com\/1\/wp-json\/wp\/v2\/posts"}],"about":[{"href":"https:\/\/www.caririemacao.com\/1\/wp-json\/wp\/v2\/types\/post"}],"author":[{"embeddable":true,"href":"https:\/\/www.caririemacao.com\/1\/wp-json\/wp\/v2\/users\/1"}],"replies":[{"embeddable":true,"href":"https:\/\/www.caririemacao.com\/1\/wp-json\/wp\/v2\/comments?post=118517"}],"version-history":[{"count":1,"href":"https:\/\/www.caririemacao.com\/1\/wp-json\/wp\/v2\/posts\/118517\/revisions"}],"predecessor-version":[{"id":118519,"href":"https:\/\/www.caririemacao.com\/1\/wp-json\/wp\/v2\/posts\/118517\/revisions\/118519"}],"wp:featuredmedia":[{"embeddable":true,"href":"https:\/\/www.caririemacao.com\/1\/wp-json\/wp\/v2\/media\/118518"}],"wp:attachment":[{"href":"https:\/\/www.caririemacao.com\/1\/wp-json\/wp\/v2\/media?parent=118517"}],"wp:term":[{"taxonomy":"category","embeddable":true,"href":"https:\/\/www.caririemacao.com\/1\/wp-json\/wp\/v2\/categories?post=118517"},{"taxonomy":"post_tag","embeddable":true,"href":"https:\/\/www.caririemacao.com\/1\/wp-json\/wp\/v2\/tags?post=118517"}],"curies":[{"name":"wp","href":"https:\/\/api.w.org\/{rel}","templated":true}]}}