{"id":118527,"date":"2019-09-21T13:24:42","date_gmt":"2019-09-21T16:24:42","guid":{"rendered":"http:\/\/www.caririemacao.com\/1\/?p=118527"},"modified":"2019-09-21T13:24:42","modified_gmt":"2019-09-21T16:24:42","slug":"pesquisas-indicam-ingestao-de-microplasticos-por-humanos","status":"publish","type":"post","link":"https:\/\/www.caririemacao.com\/1\/2019\/09\/21\/pesquisas-indicam-ingestao-de-microplasticos-por-humanos\/","title":{"rendered":"Pesquisas indicam ingest\u00e3o de micropl\u00e1sticos por humanos"},"content":{"rendered":"\n<p>Aquele canudinho ou copo pl\u00e1stico descartado incorretamente no ambiente pode&nbsp;acabar sendo ingerido por uma pessoa em fragmentos impercept\u00edveis no copo de \u00e1gua e at\u00e9 no alimento. Os chamados micropl\u00e1sticos v\u00eam gerando preocupa\u00e7\u00f5es na comunidade cient\u00edfica, em parte porque pouco se sabe acerca dos poss\u00edveis impactos na sa\u00fade humana. Este \u00e9 um dos assuntos presentes em discuss\u00f5es propostas por institui\u00e7\u00f5es ambientalistas de diversos pa\u00edses que realizam neste&nbsp;s\u00e1bado&nbsp;(21) o World Cleanup Day ou, simplesmente, Dia Mundial da Limpeza, como o evento \u00e9 chamado em portugu\u00eas.<\/p>\n\n\n\n<p>&#8220;Teremos neste dia, em todo o mundo, mutir\u00f5es para limpeza, por exemplo, do lixo local gerado na praia: bituca de cigarro, tampa de garrafa, canudos, copos, garrafas, sacolas pl\u00e1sticas&#8221;, diz Jonas Leite, doutor em oceanografia e gerente no Rio&nbsp;de Janeiro&nbsp;do Projeto Meros do Brasil, uma das iniciativas respons\u00e1veis por organizar as a\u00e7\u00f5es em cidades brasileiras.<\/p>\n\n\n\n<p>Leite considera que as atividades na praia fomentam a conscientiza\u00e7\u00e3o, mas alerta que, em qualquer lugar do pa\u00eds, quando o lixo \u00e9 jogado no ch\u00e3o ou levado para um lix\u00e3o que n\u00e3o faz o tratamento correto, o res\u00edduo vai acabar indo para os rios e pode percorrer milhares de quil\u00f4metros at\u00e9 o oceano. &#8220;\u00c9 o destino final de praticamente todo o lixo que n\u00e3o \u00e9 gerido da forma correta. Voc\u00ea pode nunca&nbsp;ter&nbsp;pisado na praia, mas o seu lixo, se n\u00e3o for bem gerido, vai chegar l\u00e1&#8221;, disse.<\/p>\n\n\n\n<h2 class=\"wp-block-heading\">A\u00e7\u00f5es<\/h2>\n\n\n\n<p>O Dia Mundial da Limpeza busca chamar a aten\u00e7\u00e3o e oferecer atividades de combate ao problema global de res\u00edduos s\u00f3lidos. O impulsionamento mundial \u00e9 liderado pela Let&#8217;s Do It World (LDIW), um movimento c\u00edvico global sediado na Est\u00f4nia e com alcance em 157 pa\u00edses. Eles criaram um&nbsp;<a href=\"https:\/\/www.worldcleanupday.org\/\" target=\"_blank\" rel=\"noreferrer noopener\">mapa online<\/a>&nbsp;que traz informa\u00e7\u00f5es das iniciativas espalhados pelo mundo. A proposta do evento teve como base experi\u00eancias que vinham sendo realizadas desde 2008, quando 50 mil pessoas se uniram na Est\u00f4nia para recolher lixo em todo o pa\u00eds.<\/p>\n\n\n\n<p>O movimento decidiu fixar o Dia Mundial da Limpeza sempre no terceiro s\u00e1bado&nbsp;de setembro. No ano passado, o Brasil registrou a\u00e7\u00f5es em 363 cidades. Neste ano, a expectativa \u00e9 que o evento chegue a mais munic\u00edpios.<\/p>\n\n\n\n<p>Os cariocas que quiserem participar, por exemplo,&nbsp;ter\u00e3o diversas op\u00e7\u00f5es nas praias. Em Copacabana, o Instituto Aqualung e grupos de escoteiros realizar\u00e3o um mutir\u00e3o de volunt\u00e1rios. Na Barra da Tijuca, al\u00e9m de iniciativas na orla, haver\u00e1 at\u00e9 interven\u00e7\u00e3o musical: o Chegando de Surpresa, grupo formado por garis da Companhia Municipal de Limpeza Urbana (Comlurb), apresentar\u00e1 um repert\u00f3rio de conscientiza\u00e7\u00e3o na Pra\u00e7a Soldado Geraldo da Cruz.<\/p>\n\n\n\n<p>Projetos socioambientais apoiados pela Petrobras planejam a\u00e7\u00f5es em todo o pa\u00eds. Um deles, o Projeto Ilhas do Rio, vai promover uma gincana na praia da Copacabana e premiar\u00e1, com uma mochila, uma barraca de praia e um kit ecobag, as tr\u00eas duplas que conseguirem coletar o maior volume de lixo. O Projeto Meros do Brasil, que tamb\u00e9m tem o apoio da estatal, planejou uma s\u00e9rie de iniciativas nos nove estados onde atua. Em Niter\u00f3i, na regi\u00e3o metropolitana do Rio, Jonas Leite vai liderar, na Praia de Itaipu, um mutir\u00e3o de limpeza com oficina de pintura corporal e pintura em desenho, jogo da mem\u00f3ria e outras atividades.<\/p>\n\n\n\n<p>De acordo com dados da Organiza\u00e7\u00e3o das Na\u00e7\u00f5es Unidas (ONU) divulgados no ano passado, apenas 9% das 9 bilh\u00f5es de toneladas de pl\u00e1sticos j\u00e1 produzidos no mundo foram reciclados at\u00e9&nbsp;hoje. Cerca de 40% dos produtos pl\u00e1sticos s\u00e3o usados uma \u00fanica vez e em seguida descartados. Anualmente, entre 8 milh\u00f5es e 13 milh\u00f5es de toneladas de pl\u00e1stico chegam aos oceanos e tiram a vida de aproximadamente 100 mil animais marinhos. As mortes ocorrem por diversos motivos: problemas com a ingest\u00e3o, asfixia e impossibilidade de locomo\u00e7\u00e3o quando os animais ficam presos nos produtos descartados.<\/p>\n\n\n\n<h2 class=\"wp-block-heading\">Micropl\u00e1sticos<\/h2>\n\n\n\n<figure class=\"wp-block-image\"><img decoding=\"async\" data-src=\"http:\/\/imagens.ebc.com.br\/RqEAViJfmRZlGju7ABXnOfTlVnM=\/754x0\/smart\/http:\/\/agenciabrasil.ebc.com.br\/sites\/default\/files\/thumbnails\/image\/dia_mundial_de_limpeza_de_praias_e_rios_abr_190920195881.jpg?itok=7uavot3X\" alt=\"Rio de Janeiro -  O bi\u00f3logo Jonas Leite, doutor em oceanografia, presidente do Instituto Meros do Brasil, mostra micropl\u00e1stico vindo do mar coletado na areia da praia de Botafogo. (Fernando Fraz\u00e3o\/Ag\u00eancia Brasil)\" src=\"data:image\/svg+xml;base64,PHN2ZyB3aWR0aD0iMSIgaGVpZ2h0PSIxIiB4bWxucz0iaHR0cDovL3d3dy53My5vcmcvMjAwMC9zdmciPjwvc3ZnPg==\" class=\"lazyload\" \/><\/figure>\n\n\n\n<p>Rio de Janeiro &#8211; O bi\u00f3logo Jonas Leite, doutor em oceanografia, presidente do Instituto Meros do Brasil, mostra micropl\u00e1stico vindo do mar e coletados na areia da praia de Botafogo &#8211;&nbsp;<strong>Fernando Fraz\u00e3o\/Ag\u00eancia Brasil<\/strong><\/p>\n\n\n\n<p>O crescimento do \u00edndice de mortalidade entre as esp\u00e9cies que habitam os oceanos n\u00e3o \u00e9 o \u00fanico problema decorrente do incorreto descarte de res\u00edduos pl\u00e1sticos. Uma vez no ambiente, eles v\u00e3o se fragmentando ao se ressecarem em decorr\u00eancia, por exemplo, da exposi\u00e7\u00e3o ao sol ou da a\u00e7\u00e3o do sal marinho. Os peda\u00e7os ficam t\u00e3o pequenos que se inserem nas cadeias alimentares dos oceanos. Estimativas da ONU sugerem que existem cerca de 51 trilh\u00f5es de part\u00edculas de micropl\u00e1sticos dispersos no oceano.<\/p>\n\n\n\n<p>&#8220;Um canudo, por exemplo, vai se fragmentando continuamente e liberando part\u00edculas cada vez menores. Dependendo do tamanho dele, o micropl\u00e1stico adentra em todas as etapas da cadeia alimentar dos oceanos. Come\u00e7a a ser consumido pelos menores organismos e vai passando para outros at\u00e9 que chega aos peixes que nos servem de alimento. Mas podemos ingerir esses fragmentos n\u00e3o apenas por meio de peixes e frutos do mar, mas tamb\u00e9m por meio de um vegetal que n\u00e3o foi bem limpo e at\u00e9 de um copo de \u00e1gua&#8221;, explica Jonas.<\/p>\n\n\n\n<p>No m\u00eas passado, a Organiza\u00e7\u00e3o Mundial da Sa\u00fade (OMS) publicou um primeiro relat\u00f3rio sobre os efeitos dos micropl\u00e1sticos na sa\u00fade humana. Foram avaliados os resultados de pesquisas recentes sobre a presen\u00e7a desses pequenos fragmentos em \u00e1gua pot\u00e1vel. De acordo com as conclus\u00f5es, o corpo humano consegue eliminar os micropl\u00e1sticos com mais de 150 micr\u00f4metros. Em rela\u00e7\u00e3o a part\u00edculas menores, a entidade considerou que os dados atuais ainda s\u00e3o extremamente limitados e concluiu pela necessidade de mais pesquisas.<\/p>\n\n\n\n<h2 class=\"wp-block-heading\">Lixo de outros locais<\/h2>\n\n\n\n<p>Segundo o especialista em oceanografia Jonas Leite, nem todo o lixo encontrado em uma praia \u00e9 gerado no local. &#8220;Durante toda a mar\u00e9 cheia, o mar traz res\u00edduos que n\u00e3o foram jogados ali. O mar n\u00e3o tem pa\u00eds. E o lixo, independente de qual pa\u00eds o gerou, \u00e9 o mesmo para todos. Ele continua no planeta Terra. O lixo que se joga aqui pode aparecer um dia na Argentina dependendo das correntes marinhas&#8221;.<\/p>\n\n\n\n<p>No ritmo atual, se nada for feito, as proje\u00e7\u00f5es da ONU apontam que os oceanos&nbsp;ter\u00e3o mais pl\u00e1stico do que peixes em 2050. Em alguns pontos, tem se formado as ilhas de pl\u00e1stico. Segundo Jonas, isso ocorre nos v\u00f3rtices das correntes marinhas.<\/p>\n\n\n\n<p>&#8220;As principais correntes fazem como se fossem redemoinhos, promovendo o ac\u00famulo do lixo em certos pontos. Esse lixo que est\u00e1 na superf\u00edcie boiando atrai a vida marinha. Ent\u00e3o a presen\u00e7a de um marisco, um mexilh\u00e3o, faz com que uma garrafa grude na outra. E os res\u00edduos v\u00e3o sendo aglutinados pelos seres marinhos, at\u00e9 que vira um grande aglomerado. Algumas dessas ilhas crescem tanto que j\u00e1 ocorreram acidentes com navios e h\u00e1 v\u00e1rios pa\u00edses buscando solu\u00e7\u00f5es para a quest\u00e3o&#8221;, explica.<\/p>\n\n\n\n<h2 class=\"wp-block-heading\">Correntes<\/h2>\n\n\n\n<p>Criada em 2002, o Projeto Meros do Brasil \u00e9 uma iniciativa com foco na conserva\u00e7\u00e3o do mero, uma das maiores esp\u00e9cies de peixes marinhos, podendo chegar a medir quase tr\u00eas metros. A esp\u00e9cie est\u00e1 amea\u00e7ada de extin\u00e7\u00e3o e sua pesca e comercializa\u00e7\u00e3o \u00e9 proibida pelo Instituto Brasileiro do Meio Ambiente e dos Recursos Naturais Renov\u00e1veis (Ibama). O projeto busca promover a preserva\u00e7\u00e3o de ambientes associados \u00e0 esp\u00e9cie, como o oceano, cost\u00f5es rochosos e manguezais.<\/p>\n\n\n\n<p>Ao mesmo tempo, a iniciativa desenvolve pesquisas cient\u00edficas, em interlocu\u00e7\u00e3o com universidades e outras institui\u00e7\u00f5es, e atividades de educa\u00e7\u00e3o ambiental. &#8220;No Dia Mundial da Limpeza, todo o lixo que recolhermos vai ser catalogado, pesado, analisado. E da\u00ed vai gerar um dado t\u00e9cnico a ser enviado a autoridades competentes para servir de base para futuras legisla\u00e7\u00f5es e a\u00e7\u00f5es mais concretas por parte n\u00e3o s\u00f3 da comunidade, mas tamb\u00e9m do Poder P\u00fablico&#8221;, diz Jonas.<\/p>\n\n\n\n<h2 class=\"wp-block-heading\">Solu\u00e7\u00f5es<\/h2>\n\n\n\n<p>A melhor solu\u00e7\u00e3o de m\u00e9dio e longo prazo, segundo o gerente do Projeto Meros do Brasil, \u00e9 a conscientiza\u00e7\u00e3o tanto de consumidores como de gestores p\u00fablicos. Segundo ele, a ado\u00e7\u00e3o de novos h\u00e1bitos pela popula\u00e7\u00e3o ser\u00e1 um indicativo da capacidade das sociedades no enfrentamento da quest\u00e3o dos res\u00edduos e da preserva\u00e7\u00e3o ambiental.<\/p>\n\n\n\n<p>&#8220;\u00c9 preciso respeitar as legisla\u00e7\u00f5es, n\u00e3o pescar esp\u00e9cies amea\u00e7adas de extin\u00e7\u00e3o. Educar o consumidor para sempre procurar saber o que est\u00e1 consumindo. Saber se o peixe que est\u00e1 sendo servido em um restaurante tem sua comercializa\u00e7\u00e3o proibida, tem per\u00edodo de defeso ou se vem da pesca predat\u00f3ria. E cuidar dos res\u00edduos desde o momento em que se compra os produtos. Se voc\u00ea tem dois produtos similares, opte por aquele que usa menos embalagem. O consumidor tem um poder grande de for\u00e7ar mudan\u00e7as na ind\u00fastria em m\u00e9dio e longo prazo&#8221;.<\/p>\n\n\n\n<p>Segundo ele, o mundo, inclusive o Brasil, j\u00e1 possui solu\u00e7\u00f5es para quase todas as quest\u00f5es relacionadas com embalagem. &#8220;A ind\u00fastria s\u00f3 n\u00e3o recorre a elas porque \u00e9 mais caro, ou porque falta interesse e o mercado continua consumindo com as embalagens desnecess\u00e1rias. Mas j\u00e1 tem, por exemplo, mercado embalando vegetais e legumes com folha de bananeira. Um caso cl\u00e1ssico \u00e9 a pasta de dente. Para qu\u00ea tem uma caixa de papel\u00e3o protegendo o tubo da pasta de dente? Para qu\u00ea embalar frutas com v\u00e1rias camadas de isopor e pl\u00e1stico, se a casca j\u00e1 \u00e9 uma embalagem natural que garante a durabilidade do alimento?&#8221;, questiona.<\/p>\n\n\n\n<p>Do ponto de vista da gest\u00e3o do lixo, ele afirma que o Poder P\u00fablico deve ser cobrado para ampliar o saneamento b\u00e1sico.&nbsp;Hoje, diversas cidades brasileiras ainda jogam todo o esgoto sem tratamento nos oceanos. Ele lembra que o lixo pode gerar dinheiro, atrav\u00e9s da reciclagem, e mesmo os res\u00edduos org\u00e2nicos podem ser usados na produ\u00e7\u00e3o de biog\u00e1s, por exemplo. &#8220;Pode parecer que o oceano, por ser t\u00e3o grande, quase infinito, tem a capacidade de reciclar ou de sumir com as coisas. E n\u00e3o \u00e9 bem assim&#8221;, alerta Jonas.<\/p>\n","protected":false},"excerpt":{"rendered":"<p>Aquele canudinho ou copo pl\u00e1stico descartado incorretamente no ambiente pode&nbsp;acabar sendo ingerido por uma pessoa em fragmentos impercept\u00edveis no copo de \u00e1gua e at\u00e9 no&hellip; <\/p>\n","protected":false},"author":1,"featured_media":118530,"comment_status":"closed","ping_status":"closed","sticky":false,"template":"","format":"standard","meta":{"sfsi_plus_gutenberg_text_before_share":"","sfsi_plus_gutenberg_show_text_before_share":"","sfsi_plus_gutenberg_icon_type":"","sfsi_plus_gutenberg_icon_alignemt":"","sfsi_plus_gutenburg_max_per_row":"","footnotes":""},"categories":[2],"tags":[],"class_list":["post-118527","post","type-post","status-publish","format-standard","has-post-thumbnail","hentry","category-geral"],"_links":{"self":[{"href":"https:\/\/www.caririemacao.com\/1\/wp-json\/wp\/v2\/posts\/118527","targetHints":{"allow":["GET"]}}],"collection":[{"href":"https:\/\/www.caririemacao.com\/1\/wp-json\/wp\/v2\/posts"}],"about":[{"href":"https:\/\/www.caririemacao.com\/1\/wp-json\/wp\/v2\/types\/post"}],"author":[{"embeddable":true,"href":"https:\/\/www.caririemacao.com\/1\/wp-json\/wp\/v2\/users\/1"}],"replies":[{"embeddable":true,"href":"https:\/\/www.caririemacao.com\/1\/wp-json\/wp\/v2\/comments?post=118527"}],"version-history":[{"count":1,"href":"https:\/\/www.caririemacao.com\/1\/wp-json\/wp\/v2\/posts\/118527\/revisions"}],"predecessor-version":[{"id":118531,"href":"https:\/\/www.caririemacao.com\/1\/wp-json\/wp\/v2\/posts\/118527\/revisions\/118531"}],"wp:featuredmedia":[{"embeddable":true,"href":"https:\/\/www.caririemacao.com\/1\/wp-json\/wp\/v2\/media\/118530"}],"wp:attachment":[{"href":"https:\/\/www.caririemacao.com\/1\/wp-json\/wp\/v2\/media?parent=118527"}],"wp:term":[{"taxonomy":"category","embeddable":true,"href":"https:\/\/www.caririemacao.com\/1\/wp-json\/wp\/v2\/categories?post=118527"},{"taxonomy":"post_tag","embeddable":true,"href":"https:\/\/www.caririemacao.com\/1\/wp-json\/wp\/v2\/tags?post=118527"}],"curies":[{"name":"wp","href":"https:\/\/api.w.org\/{rel}","templated":true}]}}