{"id":118548,"date":"2019-09-21T13:33:03","date_gmt":"2019-09-21T16:33:03","guid":{"rendered":"http:\/\/www.caririemacao.com\/1\/?p=118548"},"modified":"2019-09-21T13:33:03","modified_gmt":"2019-09-21T16:33:03","slug":"secretaria-de-assistencia-social-de-amparo-recebeu-as-coordenadoras-do-criamc-sume","status":"publish","type":"post","link":"https:\/\/www.caririemacao.com\/1\/2019\/09\/21\/secretaria-de-assistencia-social-de-amparo-recebeu-as-coordenadoras-do-criamc-sume\/","title":{"rendered":"Secretaria de Assist\u00eancia Social de Amparo recebeu as Coordenadoras do CRIAMC &#8211; Sum\u00e9"},"content":{"rendered":"\n<p>A Secretaria de Assist\u00eancia Social de Amparo, atrav\u00e9s dos CRAS, recebeu na manh\u00e3 desta ter\u00e7a-feira (17) as coordenadoras do Centro de refer\u00eancia Intermunicipal de Atendimento \u00e0s Mulheres do Cariri Maria Eliane Pereira dos Anjos \u2013 CRIAMC. Sum\u00e9 -PB.<br>Na oportunidade, foi abordada a semana de mobiliza\u00e7\u00e3o alusiva aos 13 anos da Lei Maria da Penha, Onde se realizou uma reuni\u00e3o com as coordenadoras, equipe do CRAS e mulheres da nossa comunidade. Foi abordado a seguinte pauta, Combate \u00e0 Discrimina\u00e7\u00e3o de G\u00eanero e Viol\u00eancia contra as mulheres.<br><\/p>\n\n\n\n<figure class=\"wp-block-image\"><a href=\"https:\/\/1.bp.blogspot.com\/-YcjNRDm_gWU\/XYTFzdZQMqI\/AAAAAAABDRA\/FJSJKTSA2VMqTFxqudwIVPywEsh6R68tgCLcBGAsYHQ\/s1600\/69119503_181319739696628_2749744625332781056_n.jpg\"><img decoding=\"async\" data-src=\"https:\/\/1.bp.blogspot.com\/-YcjNRDm_gWU\/XYTFzdZQMqI\/AAAAAAABDRA\/FJSJKTSA2VMqTFxqudwIVPywEsh6R68tgCLcBGAsYHQ\/s280\/69119503_181319739696628_2749744625332781056_n.jpg\" alt=\"\" src=\"data:image\/svg+xml;base64,PHN2ZyB3aWR0aD0iMSIgaGVpZ2h0PSIxIiB4bWxucz0iaHR0cDovL3d3dy53My5vcmcvMjAwMC9zdmciPjwvc3ZnPg==\" class=\"lazyload\" \/><\/a><\/figure>\n\n\n\n<p>Eixos; Lei Maria da Penha, viol\u00eancia dom\u00e9stica, sofrimento f\u00edsico sexual, psicol\u00f3gico, dano moral e patrimonial no ambiente familiar.&nbsp;<br>O Centro de Refer\u00eancia atende mulheres em situa\u00e7\u00e3o de viol\u00eancia dom\u00e9stica e sexual das cidades de Amparo, Camala\u00fa, Cara\u00fabas, Congo, Coxixola, Gurj\u00e3o, Livramento, Monteiro, Ouro Velho, Parari, Prata, S\u00e3o Jo\u00e3o do Cariri, S\u00e3o Jos\u00e9 dos Cordeiros, S\u00e3o Jo\u00e3o Tigre, S\u00e3o Sebasti\u00e3o do Umbuzeiro, Serra Branca, Sum\u00e9 e Zabel\u00ea.<br>Em seguida, a primeira dama Cleide N\u00f3brega, ressaltou a import\u00e2ncia de levar esse conhecimento a todas as mulheres amparenses e de outras regi\u00f5es a encontrar as solu\u00e7\u00f5es atrav\u00e9s do CRIAMC ampliando a divulga\u00e7\u00e3o na regi\u00e3o e fortalecendo ainda mais este trabalho t\u00e3o importante de apoio a todas as mulheres. Afirmou Cleide N\u00f3brega.<br>O evento teve a participa\u00e7\u00e3o da equipe \u201cCRIAMC\u201d, primeira dama Cleide N\u00f3brega, representantes de Creas, Cras, hospitais, agentes comunit\u00e1rios de sa\u00fade e psic\u00f3logos.<\/p>\n","protected":false},"excerpt":{"rendered":"<p>A Secretaria de Assist\u00eancia Social de Amparo, atrav\u00e9s dos CRAS, recebeu na manh\u00e3 desta ter\u00e7a-feira (17) as coordenadoras do Centro de refer\u00eancia Intermunicipal de Atendimento&hellip; <\/p>\n","protected":false},"author":1,"featured_media":118550,"comment_status":"closed","ping_status":"closed","sticky":false,"template":"","format":"standard","meta":{"sfsi_plus_gutenberg_text_before_share":"","sfsi_plus_gutenberg_show_text_before_share":"","sfsi_plus_gutenberg_icon_type":"","sfsi_plus_gutenberg_icon_alignemt":"","sfsi_plus_gutenburg_max_per_row":"","footnotes":""},"categories":[6,50],"tags":[],"class_list":["post-118548","post","type-post","status-publish","format-standard","has-post-thumbnail","hentry","category-cidades","category-destaque"],"_links":{"self":[{"href":"https:\/\/www.caririemacao.com\/1\/wp-json\/wp\/v2\/posts\/118548","targetHints":{"allow":["GET"]}}],"collection":[{"href":"https:\/\/www.caririemacao.com\/1\/wp-json\/wp\/v2\/posts"}],"about":[{"href":"https:\/\/www.caririemacao.com\/1\/wp-json\/wp\/v2\/types\/post"}],"author":[{"embeddable":true,"href":"https:\/\/www.caririemacao.com\/1\/wp-json\/wp\/v2\/users\/1"}],"replies":[{"embeddable":true,"href":"https:\/\/www.caririemacao.com\/1\/wp-json\/wp\/v2\/comments?post=118548"}],"version-history":[{"count":1,"href":"https:\/\/www.caririemacao.com\/1\/wp-json\/wp\/v2\/posts\/118548\/revisions"}],"predecessor-version":[{"id":118551,"href":"https:\/\/www.caririemacao.com\/1\/wp-json\/wp\/v2\/posts\/118548\/revisions\/118551"}],"wp:featuredmedia":[{"embeddable":true,"href":"https:\/\/www.caririemacao.com\/1\/wp-json\/wp\/v2\/media\/118550"}],"wp:attachment":[{"href":"https:\/\/www.caririemacao.com\/1\/wp-json\/wp\/v2\/media?parent=118548"}],"wp:term":[{"taxonomy":"category","embeddable":true,"href":"https:\/\/www.caririemacao.com\/1\/wp-json\/wp\/v2\/categories?post=118548"},{"taxonomy":"post_tag","embeddable":true,"href":"https:\/\/www.caririemacao.com\/1\/wp-json\/wp\/v2\/tags?post=118548"}],"curies":[{"name":"wp","href":"https:\/\/api.w.org\/{rel}","templated":true}]}}