{"id":118576,"date":"2019-09-21T13:46:40","date_gmt":"2019-09-21T16:46:40","guid":{"rendered":"http:\/\/www.caririemacao.com\/1\/?p=118576"},"modified":"2019-09-21T13:46:40","modified_gmt":"2019-09-21T16:46:40","slug":"policial-dano-ao-patrimonio-publico-em-tabira-perturbacao-do-sossego-em-iguaracy-e-veiculo-furtado-em-flores","status":"publish","type":"post","link":"https:\/\/www.caririemacao.com\/1\/2019\/09\/21\/policial-dano-ao-patrimonio-publico-em-tabira-perturbacao-do-sossego-em-iguaracy-e-veiculo-furtado-em-flores\/","title":{"rendered":"Policial: dano ao patrim\u00f4nio p\u00fablico em Tabira, perturba\u00e7\u00e3o do sossego em Iguaracy e ve\u00edculo furtado em Flores"},"content":{"rendered":"\n<p> Sexta-Feira, 20\/09\/2019 por volta das 10h50min o grupamento de Rondas Ostensiva Municipal (ROMU), da Guarda Municipal de Tabira, foi acionada via Central de Comunica\u00e7\u00e3o (CECOM), para averiguar um poss\u00edvel dano ao Patrim\u00f4nio P\u00fablico na Rua Jos\u00e9 Evoide de Moura. De imediato deslocaram-se para o local onde se constatou que a placa (PROIBIDO JOGAR LIXO) que pertence a Prefeitura Municipal encontrava-se amassada sobre o ch\u00e3o. Segundo den\u00fancia an\u00f4nima o autor do delito se encontrava pr\u00f3ximo ao local, ao fazer diligencias um homem de 28 anos foi encontrado e ao ser indagado sobre o ocorrido onde confirmou ter sido o autor do fato. Diante disso, o mesmo foi conduzido a Delegacia de Pol\u00edcia Local juntamente com a Placa para serem tomadas as medidas cab\u00edveis.<br><strong>Perturba\u00e7\u00e3o do sossego em Iguaracy &#8211;<\/strong>\u00a0A guarni\u00e7\u00e3o foi solicitada via celular para averiguar uma situa\u00e7\u00e3o de perturba\u00e7\u00e3o do sossego. O policiamento chegando ao local tomou conhecimento atrav\u00e9s da v\u00edtima que o imputado estaria jogando pedras no telhado de sua resid\u00eancia e que o fato ocorrera por diversas vezes. Foram realizadas dilig\u00eancias a fim de localizar o acusado, por\u00e9m sem \u00eaxito. Diante dos fatos, a v\u00edtima foi conduzida a DP local, onde registrou boletim de ocorr\u00eancia.<br><strong>Ve\u00edculo furtado em Flores &#8211;<\/strong>\u00a0Policiais Militares do 14\u00b0 BPM foram solicitados pela Central de Opera\u00e7\u00f5es para se deslocarem at\u00e9 o Sitio Santana de Almas, onde os moradores informaram que 03 (tr\u00eas) indiv\u00edduos haviam abandonado um veiculo Onix branco e seguido em um celta preto, tomando destino ignorado. Ao localizar o veiculo, o efetivo realizou uma consulta no sistema INFOSEG, onde foi constatado que se tratava de um ve\u00edculo roubado. Atrav\u00e9s do NIS-2\/BEPI conseguiram acionar a seguradora do veiculo, que autorizou a remo\u00e7\u00e3o do veiculo atrav\u00e9s de um reboque, pois o mesmo encontrava-se fechado e n\u00e3o havia chaves para abri-lo. Enquanto o efetivo aguardava o reboque visualizaram o veiculo celta preto que havia levado os indiv\u00edduos anteriormente, ao ser dado voz de parada os ocupantes do celta tentaram fugir, sem \u00eaxito, por uma estrada carro\u00e7\u00e1vel e durante a fuga jogaram v\u00e1rios objetos para fora do carro. Ao serem alcan\u00e7ados, foi realizado uma revista no veiculo e buscas no terreno, onde localizaram: 01 (um) aparelho celular Samsung J4, 05 (cinco) big big de maconha, 01 (um) revolver marca taurus, 05 (cinco) muni\u00e7\u00f5es cal. 38 intactas. Os imputados foram conduzidos juntamente com os ve\u00edculos e os materiais apreendidos at\u00e9 a Delegacia de Pol\u00edcia de Serra Talhada, sendo autuados em flagrante delito.<\/p>\n","protected":false},"excerpt":{"rendered":"<p>Sexta-Feira, 20\/09\/2019 por volta das 10h50min o grupamento de Rondas Ostensiva Municipal (ROMU), da Guarda Municipal de Tabira, foi acionada via Central de Comunica\u00e7\u00e3o (CECOM),&hellip; <\/p>\n","protected":false},"author":1,"featured_media":104562,"comment_status":"closed","ping_status":"closed","sticky":false,"template":"","format":"standard","meta":{"sfsi_plus_gutenberg_text_before_share":"","sfsi_plus_gutenberg_show_text_before_share":"","sfsi_plus_gutenberg_icon_type":"","sfsi_plus_gutenberg_icon_alignemt":"","sfsi_plus_gutenburg_max_per_row":"","footnotes":""},"categories":[12],"tags":[],"class_list":["post-118576","post","type-post","status-publish","format-standard","has-post-thumbnail","hentry","category-policia"],"_links":{"self":[{"href":"https:\/\/www.caririemacao.com\/1\/wp-json\/wp\/v2\/posts\/118576","targetHints":{"allow":["GET"]}}],"collection":[{"href":"https:\/\/www.caririemacao.com\/1\/wp-json\/wp\/v2\/posts"}],"about":[{"href":"https:\/\/www.caririemacao.com\/1\/wp-json\/wp\/v2\/types\/post"}],"author":[{"embeddable":true,"href":"https:\/\/www.caririemacao.com\/1\/wp-json\/wp\/v2\/users\/1"}],"replies":[{"embeddable":true,"href":"https:\/\/www.caririemacao.com\/1\/wp-json\/wp\/v2\/comments?post=118576"}],"version-history":[{"count":1,"href":"https:\/\/www.caririemacao.com\/1\/wp-json\/wp\/v2\/posts\/118576\/revisions"}],"predecessor-version":[{"id":118579,"href":"https:\/\/www.caririemacao.com\/1\/wp-json\/wp\/v2\/posts\/118576\/revisions\/118579"}],"wp:featuredmedia":[{"embeddable":true,"href":"https:\/\/www.caririemacao.com\/1\/wp-json\/wp\/v2\/media\/104562"}],"wp:attachment":[{"href":"https:\/\/www.caririemacao.com\/1\/wp-json\/wp\/v2\/media?parent=118576"}],"wp:term":[{"taxonomy":"category","embeddable":true,"href":"https:\/\/www.caririemacao.com\/1\/wp-json\/wp\/v2\/categories?post=118576"},{"taxonomy":"post_tag","embeddable":true,"href":"https:\/\/www.caririemacao.com\/1\/wp-json\/wp\/v2\/tags?post=118576"}],"curies":[{"name":"wp","href":"https:\/\/api.w.org\/{rel}","templated":true}]}}