{"id":118588,"date":"2019-09-21T13:51:24","date_gmt":"2019-09-21T16:51:24","guid":{"rendered":"http:\/\/www.caririemacao.com\/1\/?p=118588"},"modified":"2019-09-21T13:51:24","modified_gmt":"2019-09-21T16:51:24","slug":"ifpb-e-nota-maxima-em-avaliacao-do-mec-para-cursos-ead","status":"publish","type":"post","link":"https:\/\/www.caririemacao.com\/1\/2019\/09\/21\/ifpb-e-nota-maxima-em-avaliacao-do-mec-para-cursos-ead\/","title":{"rendered":"IFPB \u00e9 nota m\u00e1xima em avalia\u00e7\u00e3o do MEC para cursos EaD"},"content":{"rendered":"\n<p>not\u00edcia n\u00e3o podia ser melhor. O Instituto Federal da Para\u00edba est\u00e1 entre as institui\u00e7\u00f5es p\u00fablicas melhor qualificadas na Educa\u00e7\u00e3o a Dist\u00e2ncia (EaD) no Brasil.<\/p>\n\n\n\n<p>Na primeira semana deste m\u00eas de setembro, uma equipe de avaliadores do Minist\u00e9rio da Educa\u00e7\u00e3o (MEC) visitou o Instituto Federal da Para\u00edba (IFPB) para o recredenciamento institucional do EaD.<\/p>\n\n\n\n<p>Entre os dias 02 e 04, o grupo observou a infraestrutura e setores do IFPB e, ap\u00f3s an\u00e1lise, avaliou a Instituti\u00e7\u00e3o com nota 5, conceito m\u00e1ximo conferido pelo MEC para a modalidade de ensino a dist\u00e2ncia.<\/p>\n\n\n\n<p>\u201cQuero expressar o meu contentamento, orgulho e alegria, por esse resultado extraordin\u00e1rio que posiciona o IFPB em lugar de destaque no cen\u00e1rio nacional da EaD\u201d, disse o reitor Nic\u00e1cio Lopes ao replicar uma rela\u00e7\u00e3o ampla de nomes e setores que colaboraram para este fim.<\/p>\n\n\n\n<figure class=\"wp-block-image\"><img decoding=\"async\" data-src=\"https:\/\/paraibaonline.com.br\/wp-content\/uploads\/2019\/09\/Nic%C3%A1cio-Lopes1-567x378.jpeg\" alt=\"Foto: Ascom\" class=\"wp-image-807943 lazyload\" src=\"data:image\/svg+xml;base64,PHN2ZyB3aWR0aD0iMSIgaGVpZ2h0PSIxIiB4bWxucz0iaHR0cDovL3d3dy53My5vcmcvMjAwMC9zdmciPjwvc3ZnPg==\" style=\"--smush-placeholder-width: 567px; --smush-placeholder-aspect-ratio: 567\/378;\" \/><\/figure>\n\n\n\n<p>Foto: Ascom<\/p>\n\n\n\n<p>Dentre os nomes citados pelo Reitor consta a Pr\u00f3-Reitora de Ensino Mary Roberta que liderou o processo de recredenciamento da EaD. Destacam-se ainda na nominata do Reitor profissionais das demais pr\u00f3-reitorias do IFPB e em particular dos diversos setores que integram a Pr\u00f3-Reitoria de Ensino, compreedendo as diretorias EaD, DEP e DAP e diretorias gerais dos campi.<\/p>\n\n\n\n<p>\u201cCom merecido reconhecimento gostaria tamb\u00e9m de lembrar o diretor de ensino superior Ge\u00edsio Vieira, extensivo a mem\u00f3ria viva de todos os diretores de ensino do IFPB, dos gestores, dos tutores e dos professores da EaD e de todos os servidores que fazem a Diretoria de Rela\u00e7\u00f5es Internacionais\u201d, destacou.<\/p>\n\n\n\n<p>Por fim, o reitor Nic\u00e1cio Lopes exaltou tamb\u00e9m o nome do t\u00e9cnico educacional Francisco de Assis. \u201cEste rapaz deu um grande exemplo de profissionalismo e dedica\u00e7\u00e3o a quem devemos muito ao seu esmero e lideran\u00e7a na condu\u00e7\u00e3o da EaD do Instituto Federal da Para\u00edba. Muito desse conceito devemos ao nosso querido Francisco\u201d, salientou.<\/p>\n\n\n\n<p>Para o Reitor, com esse conceito o Instituto Federal da Para\u00edba est\u00e1 consolidando a sua posi\u00e7\u00e3o de destaque na Rede Federal. \u201cA todos os servidores do IFPB que trabalharam direta e indiretamente pela EaD o nosso muito obrigado. Fica aqui o registo da nossa certeza de que vamos continuar trilhando pelo bom caminho das conquistas para ofertarmos continuamente educa\u00e7\u00e3o socialmente referenciada ao povo brasileiro\u201d, finalizou.<\/p>\n","protected":false},"excerpt":{"rendered":"<p>not\u00edcia n\u00e3o podia ser melhor. O Instituto Federal da Para\u00edba est\u00e1 entre as institui\u00e7\u00f5es p\u00fablicas melhor qualificadas na Educa\u00e7\u00e3o a Dist\u00e2ncia (EaD) no Brasil. Na&hellip; <\/p>\n","protected":false},"author":1,"featured_media":118590,"comment_status":"closed","ping_status":"closed","sticky":false,"template":"","format":"standard","meta":{"sfsi_plus_gutenberg_text_before_share":"","sfsi_plus_gutenberg_show_text_before_share":"","sfsi_plus_gutenberg_icon_type":"","sfsi_plus_gutenberg_icon_alignemt":"","sfsi_plus_gutenburg_max_per_row":"","footnotes":""},"categories":[14],"tags":[],"class_list":["post-118588","post","type-post","status-publish","format-standard","has-post-thumbnail","hentry","category-educacao"],"_links":{"self":[{"href":"https:\/\/www.caririemacao.com\/1\/wp-json\/wp\/v2\/posts\/118588","targetHints":{"allow":["GET"]}}],"collection":[{"href":"https:\/\/www.caririemacao.com\/1\/wp-json\/wp\/v2\/posts"}],"about":[{"href":"https:\/\/www.caririemacao.com\/1\/wp-json\/wp\/v2\/types\/post"}],"author":[{"embeddable":true,"href":"https:\/\/www.caririemacao.com\/1\/wp-json\/wp\/v2\/users\/1"}],"replies":[{"embeddable":true,"href":"https:\/\/www.caririemacao.com\/1\/wp-json\/wp\/v2\/comments?post=118588"}],"version-history":[{"count":1,"href":"https:\/\/www.caririemacao.com\/1\/wp-json\/wp\/v2\/posts\/118588\/revisions"}],"predecessor-version":[{"id":118591,"href":"https:\/\/www.caririemacao.com\/1\/wp-json\/wp\/v2\/posts\/118588\/revisions\/118591"}],"wp:featuredmedia":[{"embeddable":true,"href":"https:\/\/www.caririemacao.com\/1\/wp-json\/wp\/v2\/media\/118590"}],"wp:attachment":[{"href":"https:\/\/www.caririemacao.com\/1\/wp-json\/wp\/v2\/media?parent=118588"}],"wp:term":[{"taxonomy":"category","embeddable":true,"href":"https:\/\/www.caririemacao.com\/1\/wp-json\/wp\/v2\/categories?post=118588"},{"taxonomy":"post_tag","embeddable":true,"href":"https:\/\/www.caririemacao.com\/1\/wp-json\/wp\/v2\/tags?post=118588"}],"curies":[{"name":"wp","href":"https:\/\/api.w.org\/{rel}","templated":true}]}}