{"id":118608,"date":"2019-09-21T14:00:04","date_gmt":"2019-09-21T17:00:04","guid":{"rendered":"http:\/\/www.caririemacao.com\/1\/?p=118608"},"modified":"2019-09-21T14:00:04","modified_gmt":"2019-09-21T17:00:04","slug":"audiodescricao-gera-inclusao-nas-salas-de-cinema","status":"publish","type":"post","link":"https:\/\/www.caririemacao.com\/1\/2019\/09\/21\/audiodescricao-gera-inclusao-nas-salas-de-cinema\/","title":{"rendered":"Audiodescri\u00e7\u00e3o gera inclus\u00e3o nas salas de cinema"},"content":{"rendered":"\n<p>At\u00e9 o final deste m\u00eas, 35% das salas de cinema dos grandes complexos (com mais de 20 salas de exibi\u00e7\u00e3o) e 30% das salas dos grupos menores (at\u00e9 20 salas) dever\u00e3o&nbsp;ter&nbsp;equipamentos que garantam a acessibilidade de pessoas surdas e de pessoas cegas aos filmes em cartaz.<\/p>\n\n\n\n<p>At\u00e9 janeiro de 2020, todas as salas de cinema do Brasil&nbsp;ter\u00e3o de ser acess\u00edveis, conforme&nbsp;<a href=\"https:\/\/www.ancine.gov.br\/pt-br\/legislacao\/instrucoes-normativas-consolidadas\/instru-o-normativa-n-128-de-13-de-setembro-de-2016\" target=\"_blank\" rel=\"noreferrer noopener\">Instru\u00e7\u00e3o Normativa da Ag\u00eancia Nacional do Cinema (Ancine)<\/a>.&nbsp;De acordo com a ag\u00eancia reguladora, as metas ser\u00e3o aferidas conforme o n\u00famero de salas dos exibidores, independente da cidade ou regi\u00e3o do pa\u00eds.<\/p>\n\n\n\n<p>H\u00e1 mais de um tipo de tecnologia no mercado para equipar as salas de cinema para acessibilidade. No caso dos surdos, a maior dificuldade est\u00e1 nos filmes brasileiros sem legenda, descri\u00e7\u00e3o de sons ou janelas no canto da tela com int\u00e9rpretes que fa\u00e7am a tradu\u00e7\u00e3o simult\u00e2nea para a L\u00edngua Brasileira de Sinais (Libras).<\/p>\n\n\n\n<p>No caso dos cegos, \u00e9 necess\u00e1rio o uso de aparelhos sonoros que recebam sinais via FM ou Wi-fi com audiodescri\u00e7\u00f5es, narra\u00e7\u00f5es que descrevam paisagens, cen\u00e1rios e situa\u00e7\u00f5es do filme, al\u00e9m de express\u00f5es e at\u00e9 o estado emocional das personagens que comp\u00f5em a cena.<\/p>\n\n\n\n<h2 class=\"wp-block-heading\">Imagens mentais<\/h2>\n\n\n\n<p>De acordo com a audiodescritora Kley Kopavnick, que atua em Bras\u00edlia, o prop\u00f3sito das narra\u00e7\u00f5es \u00e9 formar \u201cimagens mentais\u201d para os cegos que acompanham filmes no cinema ou na TV, visitam uma exposi\u00e7\u00e3o de arte, ou est\u00e3o em uma cerim\u00f4nia.<\/p>\n\n\n\n<p>\u00c0 exce\u00e7\u00e3o de apresenta\u00e7\u00f5es ao vivo, n\u00e3o gravadas, a audiodescri\u00e7\u00e3o segue roteiro elaborado previamente que, ao ser escutado, permite a pessoas cegas interpretar tramas e compreender informa\u00e7\u00f5es. No caso dos filmes, o roteiro estabelece as deixas que o narrador grava para os cegos entre os di\u00e1logos que ocorrem durante os filmes.<\/p>\n\n\n\n<p>Segundo o&nbsp;<a href=\"https:\/\/noticias.unb.br\/images\/Noticias\/2016\/Documentos\/Guia_para_Producoes_audiovisuais_Acessiveis__projeto_grafico_.pdf\" target=\"_blank\" rel=\"noreferrer noopener\">Guia para Produ\u00e7\u00f5es Audiovisuais Acess\u00edveis<\/a>, elaborado pela Universidade de Bras\u00edlia (UnB) para o extinto Minist\u00e9rio da Cultura, a audiodescri\u00e7\u00e3o deve&nbsp;ter&nbsp;linguagem \u201cobjetiva, simples, sucinta, por\u00e9m v\u00edvida e imaginativa, ou seja, priorizando o uso de l\u00e9xico variado e se adequando \u00e0 po\u00e9tica e \u00e0 est\u00e9tica do produto audiovisual\u201d.<\/p>\n\n\n\n<p>Francisco Lima, professor de Educa\u00e7\u00e3o Inclusiva do Departamento de Psicologia e Orienta\u00e7\u00f5es Educacionais da Universidade Federal de Pernambuco, enfatiza outros atributos nos roteiros de audiodescri\u00e7\u00e3o. \u201cTem que&nbsp;ter&nbsp;concis\u00e3o, usar o menor n\u00famero de palavras com o maior n\u00famero de imagens ou informa\u00e7\u00f5es. Ser claro na apresenta\u00e7\u00e3o das informa\u00e7\u00f5es e estar correto. O audiodescritor n\u00e3o pode desconhecer nem usar um termo inadequado \u201c.<\/p>\n\n\n\n<p>Lima, que ministra&nbsp;<a href=\"https:\/\/www.youtube.com\/channel\/UCUANnbQlOOe417CKgi8rvig\" target=\"_blank\" rel=\"noreferrer noopener\">curso gratuito a dist\u00e2ncia de audiodescri\u00e7\u00e3o<\/a>, tamb\u00e9m destaca a necessidade de ser espec\u00edfico no roteiro \u201cDizer apenas que a personagem carrega uma arma pode ser impreciso. Que tipo de arma \u00e9? Um rev\u00f3lver, uma pistola, uma metralhadora, uma faca, ou um punhal?\u201d, exemplifica.<\/p>\n\n\n\n<p>A audiodescri\u00e7\u00e3o de um filme \u00e9 um trabalho que se faz em dupla. H\u00e1 o roteirista, que assiste o filme e prepara o texto para a narra\u00e7\u00e3o, e o consultor, que \u00e9 uma pessoa cega, que escuta o roteiro, analisa o que foi descrito e orienta ajustes. \u201cA audiodescri\u00e7\u00e3o tem que transmitir a emo\u00e7\u00e3o da cena\u201d, resume o publicit\u00e1rio Paulo Lafaiete de Lima, consultor em audiodescri\u00e7\u00e3o.<\/p>\n\n\n\n<h2 class=\"wp-block-heading\">\u201cDemorou muito para acontecer\u201d<\/h2>\n\n\n\n<p>De acordo com o Instituto Brasileiro de Geografia e Estat\u00edstica (IBGE),&nbsp;<a href=\"http:\/\/www.ebc.com.br\/noticias\/2015\/08\/ibge-62-da-populacao-tem-algum-tipo-de-deficiencia\" target=\"_blank\" rel=\"noreferrer noopener\">3,6% dos brasileiros&nbsp;sofrem com defici\u00eancia visual em graus diferentes<\/a>, inclusive a cegueira total.<\/p>\n\n\n\n<p>Para Nilson Rodrigues, propriet\u00e1rio do Cine Cultura Liberty Mall, em Bras\u00edlia, a obrigatoriedade da audiodescri\u00e7\u00e3o nas salas de cinema \u00e9 \u201cum avan\u00e7o\u201d. \u201cRepresenta a possibilidade de acesso a essas pessoas que historicamente estiveram exclu\u00eddos\u201d, diz com entusiasmo.<\/p>\n\n\n\n<p>Rodrigues criou no ano passado um festival especial para inclus\u00e3o do p\u00fablico com defici\u00eancias de audi\u00e7\u00e3o, o Cinema Surdo. Por dois meses e meio, ele promoveu sess\u00f5es gratuitas de filmes brasileiros com a tradu\u00e7\u00e3o dos di\u00e1logos em Libras. Algumas sess\u00f5es tiveram a presen\u00e7a de diretores e cr\u00edticos em debates.<\/p>\n\n\n\n<p>No caso das pessoas cegas, o empres\u00e1rio explica que a audiodescri\u00e7\u00e3o \u00e9 feita na p\u00f3s-produ\u00e7\u00e3o dos filmes pelos pr\u00f3prios realizadores ou pelas empresas de distribui\u00e7\u00e3o. A audiodescri\u00e7\u00e3o chega aos cinemas junto com os arquivos dos filmes, seja por sat\u00e9lite ou por m\u00eddia f\u00edsica (Digital Cinema Package \u2013 DGP), e \u00e9 veiculada por meio de canais dispon\u00edveis em cada sala de exibi\u00e7\u00e3o.<\/p>\n\n\n\n<p>Para Wilson Feitosa, produtor e diretor geral da distribuidora Europa, \u201c\u00e9 uma felicidade\u201d dar a possibilidade de que pessoas cegas frequentem os cinemas. \u201cDemorou muito para acontecer\u201d, critica. Segundo ele, os valores de audiodescri\u00e7\u00e3o n\u00e3o s\u00e3o expressivos, pois h\u00e1 diversidade de prestadores de servi\u00e7o no mercado e os custos foram absorvidos como ocorre com a legendagem ou a dublagem.<\/p>\n\n\n\n<p>O entusiasmo de Rodrigues e a felicidade de Feitosa s\u00e3o compartilhados por Marcus Ligocki, diretor do filme&nbsp;<em>Uma Loucura de Mulher<\/em>&nbsp;(2016) e produtor de&nbsp;<em>Rock Bras\u00edlia \u2013 Era de Ouro<\/em>&nbsp;(2011). \u201cIsso \u00e9 uma maravilha. Quem faz filme quer que seja compartilhado. O realizador sempre quer alcan\u00e7ar o m\u00e1ximo de pessoas\u201d.<\/p>\n\n\n\n<p>Segundo Ligocki, \u00e9 pr\u00f3prio do cinema \u201cgerar empatia\u201d, fazer com que o p\u00fablico se projete nas personagens, perceba outras realidades e compreenda melhor as pessoas. Segundo ele, a audiodescri\u00e7\u00e3o tamb\u00e9m gera empatia. \u201cMe sinto mais pr\u00f3ximo e capaz de entender o outro\u201d.<\/p>\n","protected":false},"excerpt":{"rendered":"<p>At\u00e9 o final deste m\u00eas, 35% das salas de cinema dos grandes complexos (com mais de 20 salas de exibi\u00e7\u00e3o) e 30% das salas dos&hellip; <\/p>\n","protected":false},"author":1,"featured_media":118609,"comment_status":"closed","ping_status":"closed","sticky":false,"template":"","format":"standard","meta":{"sfsi_plus_gutenberg_text_before_share":"","sfsi_plus_gutenberg_show_text_before_share":"","sfsi_plus_gutenberg_icon_type":"","sfsi_plus_gutenberg_icon_alignemt":"","sfsi_plus_gutenburg_max_per_row":"","footnotes":""},"categories":[2],"tags":[],"class_list":["post-118608","post","type-post","status-publish","format-standard","has-post-thumbnail","hentry","category-geral"],"_links":{"self":[{"href":"https:\/\/www.caririemacao.com\/1\/wp-json\/wp\/v2\/posts\/118608","targetHints":{"allow":["GET"]}}],"collection":[{"href":"https:\/\/www.caririemacao.com\/1\/wp-json\/wp\/v2\/posts"}],"about":[{"href":"https:\/\/www.caririemacao.com\/1\/wp-json\/wp\/v2\/types\/post"}],"author":[{"embeddable":true,"href":"https:\/\/www.caririemacao.com\/1\/wp-json\/wp\/v2\/users\/1"}],"replies":[{"embeddable":true,"href":"https:\/\/www.caririemacao.com\/1\/wp-json\/wp\/v2\/comments?post=118608"}],"version-history":[{"count":1,"href":"https:\/\/www.caririemacao.com\/1\/wp-json\/wp\/v2\/posts\/118608\/revisions"}],"predecessor-version":[{"id":118610,"href":"https:\/\/www.caririemacao.com\/1\/wp-json\/wp\/v2\/posts\/118608\/revisions\/118610"}],"wp:featuredmedia":[{"embeddable":true,"href":"https:\/\/www.caririemacao.com\/1\/wp-json\/wp\/v2\/media\/118609"}],"wp:attachment":[{"href":"https:\/\/www.caririemacao.com\/1\/wp-json\/wp\/v2\/media?parent=118608"}],"wp:term":[{"taxonomy":"category","embeddable":true,"href":"https:\/\/www.caririemacao.com\/1\/wp-json\/wp\/v2\/categories?post=118608"},{"taxonomy":"post_tag","embeddable":true,"href":"https:\/\/www.caririemacao.com\/1\/wp-json\/wp\/v2\/tags?post=118608"}],"curies":[{"name":"wp","href":"https:\/\/api.w.org\/{rel}","templated":true}]}}