{"id":118664,"date":"2019-09-21T19:26:49","date_gmt":"2019-09-21T22:26:49","guid":{"rendered":"http:\/\/www.caririemacao.com\/1\/?p=118664"},"modified":"2019-09-21T19:26:49","modified_gmt":"2019-09-21T22:26:49","slug":"em-boqueirao-deputado-moacir-participa-de-evento-em-alusao-ao-dia-da-arvore","status":"publish","type":"post","link":"https:\/\/www.caririemacao.com\/1\/2019\/09\/21\/em-boqueirao-deputado-moacir-participa-de-evento-em-alusao-ao-dia-da-arvore\/","title":{"rendered":"Em Boqueir\u00e3o, deputado Moacir participa de evento em alus\u00e3o ao Dia da \u00c1rvore"},"content":{"rendered":"\n<p>O deputado estadual, Moacir Rodrigues, esteve neste s\u00e1bado,\ndia 21, na cidade de Boqueir\u00e3o, participando de a\u00e7\u00f5es realizadas pela\nAssocia\u00e7\u00e3o de Prote\u00e7\u00e3o Ambiental 8 Verde, em alus\u00e3o ao Dia da \u00c1rvore. <\/p>\n\n\n\n<p>Para o parlamentar, o Dia da \u00c1rvore \u00e9 uma data importante\npara a conscientiza\u00e7\u00e3o da sociedade dos valores ambientais das \u00e1rvores, bem\ncomo, para a sa\u00fade do planeta Terra.<\/p>\n\n\n\n<p>\u201cParabenizo os diretores da Associa\u00e7\u00e3o de Prote\u00e7\u00e3o Ambiental\n8 Verde pelo belo evento em alus\u00e3o ao dia das \u00c1rvores, fazendo um grande\ntrabalho de em defesa do meio ambiente. Obrigado pela recep\u00e7\u00e3o a todos os\namigos\u201d, parabenizou. <\/p>\n","protected":false},"excerpt":{"rendered":"<p>O deputado estadual, Moacir Rodrigues, esteve neste s\u00e1bado, dia 21, na cidade de Boqueir\u00e3o, participando de a\u00e7\u00f5es realizadas pela Associa\u00e7\u00e3o de Prote\u00e7\u00e3o Ambiental 8 Verde,&hellip; <\/p>\n","protected":false},"author":2,"featured_media":118665,"comment_status":"closed","ping_status":"closed","sticky":false,"template":"","format":"standard","meta":{"sfsi_plus_gutenberg_text_before_share":"","sfsi_plus_gutenberg_show_text_before_share":"","sfsi_plus_gutenberg_icon_type":"","sfsi_plus_gutenberg_icon_alignemt":"","sfsi_plus_gutenburg_max_per_row":"","footnotes":""},"categories":[6,50],"tags":[],"class_list":["post-118664","post","type-post","status-publish","format-standard","has-post-thumbnail","hentry","category-cidades","category-destaque"],"_links":{"self":[{"href":"https:\/\/www.caririemacao.com\/1\/wp-json\/wp\/v2\/posts\/118664","targetHints":{"allow":["GET"]}}],"collection":[{"href":"https:\/\/www.caririemacao.com\/1\/wp-json\/wp\/v2\/posts"}],"about":[{"href":"https:\/\/www.caririemacao.com\/1\/wp-json\/wp\/v2\/types\/post"}],"author":[{"embeddable":true,"href":"https:\/\/www.caririemacao.com\/1\/wp-json\/wp\/v2\/users\/2"}],"replies":[{"embeddable":true,"href":"https:\/\/www.caririemacao.com\/1\/wp-json\/wp\/v2\/comments?post=118664"}],"version-history":[{"count":1,"href":"https:\/\/www.caririemacao.com\/1\/wp-json\/wp\/v2\/posts\/118664\/revisions"}],"predecessor-version":[{"id":118666,"href":"https:\/\/www.caririemacao.com\/1\/wp-json\/wp\/v2\/posts\/118664\/revisions\/118666"}],"wp:featuredmedia":[{"embeddable":true,"href":"https:\/\/www.caririemacao.com\/1\/wp-json\/wp\/v2\/media\/118665"}],"wp:attachment":[{"href":"https:\/\/www.caririemacao.com\/1\/wp-json\/wp\/v2\/media?parent=118664"}],"wp:term":[{"taxonomy":"category","embeddable":true,"href":"https:\/\/www.caririemacao.com\/1\/wp-json\/wp\/v2\/categories?post=118664"},{"taxonomy":"post_tag","embeddable":true,"href":"https:\/\/www.caririemacao.com\/1\/wp-json\/wp\/v2\/tags?post=118664"}],"curies":[{"name":"wp","href":"https:\/\/api.w.org\/{rel}","templated":true}]}}