{"id":118667,"date":"2019-09-21T19:35:06","date_gmt":"2019-09-21T22:35:06","guid":{"rendered":"http:\/\/www.caririemacao.com\/1\/?p=118667"},"modified":"2019-09-21T19:35:06","modified_gmt":"2019-09-21T22:35:06","slug":"joao-azevedo-afirma-que-nao-tem-pretensao-de-sair-do-psb","status":"publish","type":"post","link":"https:\/\/www.caririemacao.com\/1\/2019\/09\/21\/joao-azevedo-afirma-que-nao-tem-pretensao-de-sair-do-psb\/","title":{"rendered":"Jo\u00e3o Azevedo afirma que n\u00e3o tem pretens\u00e3o de sair do PSB"},"content":{"rendered":"\n<div class=\"wp-block-image\"><figure class=\"aligncenter\"><img decoding=\"async\" data-src=\"http:\/\/deolhonocariri.com.br\/wp-content\/uploads\/2019\/09\/unnamed-1-7-600x400.jpg\" alt=\"\" class=\"wp-image-72028 lazyload\" src=\"data:image\/svg+xml;base64,PHN2ZyB3aWR0aD0iMSIgaGVpZ2h0PSIxIiB4bWxucz0iaHR0cDovL3d3dy53My5vcmcvMjAwMC9zdmciPjwvc3ZnPg==\" style=\"--smush-placeholder-width: 600px; --smush-placeholder-aspect-ratio: 600\/400;\" \/><\/figure><\/div>\n\n\n\n<p>O governador da Para\u00edba Jo\u00e3o Azevedo voltou a falar sobre a crise do seu partido.\u201dEu volto a dizer quem causou a crise tem que encontrar a sa\u00edda\u201d, disse Jo\u00e3o Azevedo.<\/p>\n\n\n\n<p>Durante evento na cidade de Cajazeiras, no sert\u00e3o do estado, ele comentou sobre poss\u00edveis aproxima\u00e7\u00f5es de deputados opositores e revelou que se h\u00e1 interesse desses parlamentares passarem para a base governista, n\u00e3o \u00e9 por conta de problemas no jardim dos girass\u00f3is.<\/p>\n\n\n\n<p>\u2013 Aproxima\u00e7\u00e3o de deputados que fazem oposi\u00e7\u00e3o e que possam ou n\u00e3o compor a base do governo n\u00e3o tem nada a ver com a crise do PSB- frisou.<\/p>\n\n\n\n<p>Ele tamb\u00e9m garantiu que n\u00e3o tem inten\u00e7\u00e3o de deixar a legenda.<\/p>\n\n\n\n<p>\u2013 Alguns partidos nos procuraram, mas n\u00e3o tenho essa inten\u00e7\u00e3o e nem pretens\u00e3o de mudar de partido agora \u2013 assegurou.<\/p>\n\n\n\n<p><em>Com PB Online<\/em><\/p>\n","protected":false},"excerpt":{"rendered":"<p>O governador da Para\u00edba Jo\u00e3o Azevedo voltou a falar sobre a crise do seu partido.\u201dEu volto a dizer quem causou a crise tem que encontrar&hellip; <\/p>\n","protected":false},"author":1,"featured_media":112917,"comment_status":"closed","ping_status":"closed","sticky":false,"template":"","format":"standard","meta":{"sfsi_plus_gutenberg_text_before_share":"","sfsi_plus_gutenberg_show_text_before_share":"","sfsi_plus_gutenberg_icon_type":"","sfsi_plus_gutenberg_icon_alignemt":"","sfsi_plus_gutenburg_max_per_row":"","footnotes":""},"categories":[50,11],"tags":[],"class_list":["post-118667","post","type-post","status-publish","format-standard","has-post-thumbnail","hentry","category-destaque","category-politica"],"_links":{"self":[{"href":"https:\/\/www.caririemacao.com\/1\/wp-json\/wp\/v2\/posts\/118667","targetHints":{"allow":["GET"]}}],"collection":[{"href":"https:\/\/www.caririemacao.com\/1\/wp-json\/wp\/v2\/posts"}],"about":[{"href":"https:\/\/www.caririemacao.com\/1\/wp-json\/wp\/v2\/types\/post"}],"author":[{"embeddable":true,"href":"https:\/\/www.caririemacao.com\/1\/wp-json\/wp\/v2\/users\/1"}],"replies":[{"embeddable":true,"href":"https:\/\/www.caririemacao.com\/1\/wp-json\/wp\/v2\/comments?post=118667"}],"version-history":[{"count":1,"href":"https:\/\/www.caririemacao.com\/1\/wp-json\/wp\/v2\/posts\/118667\/revisions"}],"predecessor-version":[{"id":118668,"href":"https:\/\/www.caririemacao.com\/1\/wp-json\/wp\/v2\/posts\/118667\/revisions\/118668"}],"wp:featuredmedia":[{"embeddable":true,"href":"https:\/\/www.caririemacao.com\/1\/wp-json\/wp\/v2\/media\/112917"}],"wp:attachment":[{"href":"https:\/\/www.caririemacao.com\/1\/wp-json\/wp\/v2\/media?parent=118667"}],"wp:term":[{"taxonomy":"category","embeddable":true,"href":"https:\/\/www.caririemacao.com\/1\/wp-json\/wp\/v2\/categories?post=118667"},{"taxonomy":"post_tag","embeddable":true,"href":"https:\/\/www.caririemacao.com\/1\/wp-json\/wp\/v2\/tags?post=118667"}],"curies":[{"name":"wp","href":"https:\/\/api.w.org\/{rel}","templated":true}]}}