{"id":118679,"date":"2019-09-21T20:46:18","date_gmt":"2019-09-21T23:46:18","guid":{"rendered":"http:\/\/www.caririemacao.com\/1\/?p=118679"},"modified":"2019-09-21T20:46:18","modified_gmt":"2019-09-21T23:46:18","slug":"escola-juarez-maracaja-inaugura-biblioteca-e-homenageia-ex-professora-de-gurjao","status":"publish","type":"post","link":"https:\/\/www.caririemacao.com\/1\/2019\/09\/21\/escola-juarez-maracaja-inaugura-biblioteca-e-homenageia-ex-professora-de-gurjao\/","title":{"rendered":"Escola Juarez Maracaj\u00e1 inaugura biblioteca e homenageia ex-professora de Gurj\u00e3o"},"content":{"rendered":"\n<p>A Escola Estadual Juarez Maracaj\u00e1, localizada na cidade de Gurj\u00e3o, inaugurou nesta sexta-feira, dia 20, a sua biblioteca que recebeu o nome de professora Maria Gracite Ramos Castro.<\/p>\n\n\n\n<figure class=\"wp-block-image\"><img fetchpriority=\"high\" decoding=\"async\" width=\"720\" height=\"720\" src=\"http:\/\/www.caririemacao.com\/1\/wp-content\/uploads\/2019\/09\/WhatsApp-Image-2019-09-21-at-10.28.17.jpeg\" alt=\"\" class=\"wp-image-118681\" srcset=\"https:\/\/www.caririemacao.com\/1\/wp-content\/uploads\/2019\/09\/WhatsApp-Image-2019-09-21-at-10.28.17.jpeg 720w, https:\/\/www.caririemacao.com\/1\/wp-content\/uploads\/2019\/09\/WhatsApp-Image-2019-09-21-at-10.28.17-150x150.jpeg 150w, https:\/\/www.caririemacao.com\/1\/wp-content\/uploads\/2019\/09\/WhatsApp-Image-2019-09-21-at-10.28.17-300x300.jpeg 300w\" sizes=\"(max-width: 720px) 100vw, 720px\" \/><\/figure>\n\n\n\n<p>O solenidade em homenagem a ex-professora do educand\u00e1rio foi\nprestigiado pelo vereador Adailsinho Queiroz, pr\u00e9-candidato a prefeito de\nGurj\u00e3o, de lideran\u00e7as religiosas, professores, servidores, pais e alunos da\nescola.<\/p>\n\n\n\n<p>Al\u00e9m da diretora, Ana Lu\u00edsa, participaram da inaugura\u00e7\u00e3o da\nbiblioteca, professores, funcion\u00e1rios e convidados da comunidade. &nbsp;A\nsolenidade foi abrilhantada pela banda de m\u00fasica da escola.<\/p>\n\n\n\n<p>A diretora lembrou que a homenageada \u00e9 ex-professora da\nescola, esposa do empres\u00e1rio de Pedro Candido e foi professora durante 36 anos,\ndando uma enorme contribui\u00e7\u00e3o \u00e0 cidade, especialmente para aqueles que\nestudaram na Escola Juarez Maracaj\u00e1. <\/p>\n","protected":false},"excerpt":{"rendered":"<p>A Escola Estadual Juarez Maracaj\u00e1, localizada na cidade de Gurj\u00e3o, inaugurou nesta sexta-feira, dia 20, a sua biblioteca que recebeu o nome de professora Maria&hellip; <\/p>\n","protected":false},"author":2,"featured_media":118680,"comment_status":"closed","ping_status":"closed","sticky":false,"template":"","format":"standard","meta":{"sfsi_plus_gutenberg_text_before_share":"","sfsi_plus_gutenberg_show_text_before_share":"","sfsi_plus_gutenberg_icon_type":"","sfsi_plus_gutenberg_icon_alignemt":"","sfsi_plus_gutenburg_max_per_row":"","footnotes":""},"categories":[50,14],"tags":[],"class_list":["post-118679","post","type-post","status-publish","format-standard","has-post-thumbnail","hentry","category-destaque","category-educacao"],"_links":{"self":[{"href":"https:\/\/www.caririemacao.com\/1\/wp-json\/wp\/v2\/posts\/118679","targetHints":{"allow":["GET"]}}],"collection":[{"href":"https:\/\/www.caririemacao.com\/1\/wp-json\/wp\/v2\/posts"}],"about":[{"href":"https:\/\/www.caririemacao.com\/1\/wp-json\/wp\/v2\/types\/post"}],"author":[{"embeddable":true,"href":"https:\/\/www.caririemacao.com\/1\/wp-json\/wp\/v2\/users\/2"}],"replies":[{"embeddable":true,"href":"https:\/\/www.caririemacao.com\/1\/wp-json\/wp\/v2\/comments?post=118679"}],"version-history":[{"count":1,"href":"https:\/\/www.caririemacao.com\/1\/wp-json\/wp\/v2\/posts\/118679\/revisions"}],"predecessor-version":[{"id":118682,"href":"https:\/\/www.caririemacao.com\/1\/wp-json\/wp\/v2\/posts\/118679\/revisions\/118682"}],"wp:featuredmedia":[{"embeddable":true,"href":"https:\/\/www.caririemacao.com\/1\/wp-json\/wp\/v2\/media\/118680"}],"wp:attachment":[{"href":"https:\/\/www.caririemacao.com\/1\/wp-json\/wp\/v2\/media?parent=118679"}],"wp:term":[{"taxonomy":"category","embeddable":true,"href":"https:\/\/www.caririemacao.com\/1\/wp-json\/wp\/v2\/categories?post=118679"},{"taxonomy":"post_tag","embeddable":true,"href":"https:\/\/www.caririemacao.com\/1\/wp-json\/wp\/v2\/tags?post=118679"}],"curies":[{"name":"wp","href":"https:\/\/api.w.org\/{rel}","templated":true}]}}