{"id":118683,"date":"2019-09-21T20:47:47","date_gmt":"2019-09-21T23:47:47","guid":{"rendered":"http:\/\/www.caririemacao.com\/1\/?p=118683"},"modified":"2019-09-21T20:47:47","modified_gmt":"2019-09-21T23:47:47","slug":"vereador-adailsinho-solicita-ao-dnit-a-construcao-de-trevo-no-entroncamento-da-br-412-e-pb-176","status":"publish","type":"post","link":"https:\/\/www.caririemacao.com\/1\/2019\/09\/21\/vereador-adailsinho-solicita-ao-dnit-a-construcao-de-trevo-no-entroncamento-da-br-412-e-pb-176\/","title":{"rendered":"Vereador Adailsinho solicita ao DNIT a constru\u00e7\u00e3o de trevo no entroncamento da BR-412 e PB-176"},"content":{"rendered":"\n<p>O vereador de Gurj\u00e3o esteve nesta quinta-feira, dia 19, na\ncapital Jo\u00e3o Pessoa, mantendo reuni\u00f5es na Superintend\u00eancia Regional do Departamento\nNacional de Infraestrutura de Transportes (DNIT) no Estado da Para\u00edba, e no Departamento\nde Estradas e Rodagens na Para\u00edba (DER-PB) para protocolar requerimento de sua\nautoria que solicita ao DNIT a constru\u00e7\u00e3o de trevo no entroncamento da BR-412 e\nPB-176. <\/p>\n\n\n\n<p>No DNIT, Adailsinho esteve com o superintendente Rainer Rembrandt,\ndefendendo sua pedindo e falando da necessidade de ter este trevo na regi\u00e3o,\nprincipalmente na entrada para a rodovia PB-176 que d\u00e1 acesso \u00e0 cidade de\nGurj\u00e3o, no Cariri Paraibano.<\/p>\n\n\n\n<p>J\u00e1 no Departamento de Estradas e Rodagens na Para\u00edba\n(DER-PB), om parlamentar se reuniu com o diretor Carlos Pereira, refor\u00e7ando a\nnecessidade, em conson\u00e2ncia com o DNIT, da constru\u00e7\u00e3o trevo no entroncamento da\nBR-412 e PB-176, tendo em vista a ocorr\u00eancia de v\u00e1rios acidentes, como tamb\u00e9m a\nquest\u00e3o de seguran\u00e7a e velocidade na localidade, evitando acidentes.<\/p>\n","protected":false},"excerpt":{"rendered":"<p>O vereador de Gurj\u00e3o esteve nesta quinta-feira, dia 19, na capital Jo\u00e3o Pessoa, mantendo reuni\u00f5es na Superintend\u00eancia Regional do Departamento Nacional de Infraestrutura de Transportes&hellip; <\/p>\n","protected":false},"author":2,"featured_media":118684,"comment_status":"closed","ping_status":"closed","sticky":false,"template":"","format":"standard","meta":{"sfsi_plus_gutenberg_text_before_share":"","sfsi_plus_gutenberg_show_text_before_share":"","sfsi_plus_gutenberg_icon_type":"","sfsi_plus_gutenberg_icon_alignemt":"","sfsi_plus_gutenburg_max_per_row":"","footnotes":""},"categories":[50,11],"tags":[],"class_list":["post-118683","post","type-post","status-publish","format-standard","has-post-thumbnail","hentry","category-destaque","category-politica"],"_links":{"self":[{"href":"https:\/\/www.caririemacao.com\/1\/wp-json\/wp\/v2\/posts\/118683","targetHints":{"allow":["GET"]}}],"collection":[{"href":"https:\/\/www.caririemacao.com\/1\/wp-json\/wp\/v2\/posts"}],"about":[{"href":"https:\/\/www.caririemacao.com\/1\/wp-json\/wp\/v2\/types\/post"}],"author":[{"embeddable":true,"href":"https:\/\/www.caririemacao.com\/1\/wp-json\/wp\/v2\/users\/2"}],"replies":[{"embeddable":true,"href":"https:\/\/www.caririemacao.com\/1\/wp-json\/wp\/v2\/comments?post=118683"}],"version-history":[{"count":1,"href":"https:\/\/www.caririemacao.com\/1\/wp-json\/wp\/v2\/posts\/118683\/revisions"}],"predecessor-version":[{"id":118685,"href":"https:\/\/www.caririemacao.com\/1\/wp-json\/wp\/v2\/posts\/118683\/revisions\/118685"}],"wp:featuredmedia":[{"embeddable":true,"href":"https:\/\/www.caririemacao.com\/1\/wp-json\/wp\/v2\/media\/118684"}],"wp:attachment":[{"href":"https:\/\/www.caririemacao.com\/1\/wp-json\/wp\/v2\/media?parent=118683"}],"wp:term":[{"taxonomy":"category","embeddable":true,"href":"https:\/\/www.caririemacao.com\/1\/wp-json\/wp\/v2\/categories?post=118683"},{"taxonomy":"post_tag","embeddable":true,"href":"https:\/\/www.caririemacao.com\/1\/wp-json\/wp\/v2\/tags?post=118683"}],"curies":[{"name":"wp","href":"https:\/\/api.w.org\/{rel}","templated":true}]}}