{"id":118687,"date":"2019-09-21T20:52:34","date_gmt":"2019-09-21T23:52:34","guid":{"rendered":"http:\/\/www.caririemacao.com\/1\/?p=118687"},"modified":"2019-09-21T20:52:34","modified_gmt":"2019-09-21T23:52:34","slug":"prefeito-inacio-participa-de-reuniao-do-cisco-e-fortalece-parceria-com-a-entidade","status":"publish","type":"post","link":"https:\/\/www.caririemacao.com\/1\/2019\/09\/21\/prefeito-inacio-participa-de-reuniao-do-cisco-e-fortalece-parceria-com-a-entidade\/","title":{"rendered":"Prefeito In\u00e1cio participa de reuni\u00e3o do CISCO e fortalece parceria com a entidade"},"content":{"rendered":"\n<p>Logo ap\u00f3s retorno da capital federal, o prefeito In\u00e1cio N\u00f3brega cumpriu agenda junto ao Cons\u00f3rcio Intermunicipal de Sa\u00fade do Cariri Ocidental &#8211; CISCO &#8211; nesta sexta-feira (20) no audit\u00f3rio da UNICIR &#8211; Faculdade do Cariri no munic\u00edpio de Sum\u00e9. O prefeito esteve ao lado da chefe de gabinete, Josenice da Silva.<\/p>\n\n\n\n<p>Na pauta da discuss\u00e3o constaram a aprova\u00e7\u00e3o do Plano Or\u00e7ament\u00e1rio para o Exerc\u00edcio 2020 do CISCO, Apresenta\u00e7\u00e3o do Banco do Nordeste para Disponibilidade de Fundos de Investimentos e, apresenta\u00e7\u00e3o da Unicir para Celebra\u00e7\u00e3o de Conv\u00eanios da Faculdade com as prefeituras.<\/p>\n\n\n\n<p>Para o prefeito In\u00e1cio, o munic\u00edpio de Amparo continua fortalecendo as\nparcerias buscando melhorar a vida dos amparenses, principalmente quando se\ntrata de educa\u00e7\u00e3o para os jovens amparenses.<br>\n<br>\n<\/p>\n\n\n\n<p>Foto: Not\u00edcias em Destaque<\/p>\n","protected":false},"excerpt":{"rendered":"<p>Logo ap\u00f3s retorno da capital federal, o prefeito In\u00e1cio N\u00f3brega cumpriu agenda junto ao Cons\u00f3rcio Intermunicipal de Sa\u00fade do Cariri Ocidental &#8211; CISCO &#8211; nesta&hellip; <\/p>\n","protected":false},"author":2,"featured_media":118688,"comment_status":"closed","ping_status":"closed","sticky":false,"template":"","format":"standard","meta":{"sfsi_plus_gutenberg_text_before_share":"","sfsi_plus_gutenberg_show_text_before_share":"","sfsi_plus_gutenberg_icon_type":"","sfsi_plus_gutenberg_icon_alignemt":"","sfsi_plus_gutenburg_max_per_row":"","footnotes":""},"categories":[6,50],"tags":[],"class_list":["post-118687","post","type-post","status-publish","format-standard","has-post-thumbnail","hentry","category-cidades","category-destaque"],"_links":{"self":[{"href":"https:\/\/www.caririemacao.com\/1\/wp-json\/wp\/v2\/posts\/118687","targetHints":{"allow":["GET"]}}],"collection":[{"href":"https:\/\/www.caririemacao.com\/1\/wp-json\/wp\/v2\/posts"}],"about":[{"href":"https:\/\/www.caririemacao.com\/1\/wp-json\/wp\/v2\/types\/post"}],"author":[{"embeddable":true,"href":"https:\/\/www.caririemacao.com\/1\/wp-json\/wp\/v2\/users\/2"}],"replies":[{"embeddable":true,"href":"https:\/\/www.caririemacao.com\/1\/wp-json\/wp\/v2\/comments?post=118687"}],"version-history":[{"count":1,"href":"https:\/\/www.caririemacao.com\/1\/wp-json\/wp\/v2\/posts\/118687\/revisions"}],"predecessor-version":[{"id":118689,"href":"https:\/\/www.caririemacao.com\/1\/wp-json\/wp\/v2\/posts\/118687\/revisions\/118689"}],"wp:featuredmedia":[{"embeddable":true,"href":"https:\/\/www.caririemacao.com\/1\/wp-json\/wp\/v2\/media\/118688"}],"wp:attachment":[{"href":"https:\/\/www.caririemacao.com\/1\/wp-json\/wp\/v2\/media?parent=118687"}],"wp:term":[{"taxonomy":"category","embeddable":true,"href":"https:\/\/www.caririemacao.com\/1\/wp-json\/wp\/v2\/categories?post=118687"},{"taxonomy":"post_tag","embeddable":true,"href":"https:\/\/www.caririemacao.com\/1\/wp-json\/wp\/v2\/tags?post=118687"}],"curies":[{"name":"wp","href":"https:\/\/api.w.org\/{rel}","templated":true}]}}