{"id":118692,"date":"2019-09-21T22:52:20","date_gmt":"2019-09-22T01:52:20","guid":{"rendered":"http:\/\/www.caririemacao.com\/1\/?p=118692"},"modified":"2019-09-21T22:52:20","modified_gmt":"2019-09-22T01:52:20","slug":"moto-furtada-e-recuperada-pela-policia-em-monteiro","status":"publish","type":"post","link":"https:\/\/www.caririemacao.com\/1\/2019\/09\/21\/moto-furtada-e-recuperada-pela-policia-em-monteiro\/","title":{"rendered":"Moto furtada \u00e9 recuperada pela pol\u00edcia em Monteiro"},"content":{"rendered":"\n<p>Uma Motocicleta modelo shineray XY 50 Cor vermelha com Placa \u2013 QFY-7500 foi recuperado pela pol\u00edcia militar \u201cROTAM\u201d, na noite deste s\u00e1bado (21), em Monteiro no cariri paraibano.<\/p>\n\n\n\n<p>Em rondas pelas periferias da cidade, uma guarni\u00e7\u00e3o abordou um condutor de uma motocicleta, ao consultar a placa do ve\u00edculo foi constatado que o mesmo encontra-se com restri\u00e7\u00e3o de Roubo\/Furto. Que ambos foram conduzidos a delegacia de pol\u00edcia civil ,e entregues a autoridade de plant\u00e3o para serem tomadas as medidas cab\u00edveis.<\/p>\n\n\n\n<p><strong>HORA1PB<\/strong><\/p>\n","protected":false},"excerpt":{"rendered":"<p>Uma Motocicleta modelo shineray XY 50 Cor vermelha com Placa \u2013 QFY-7500 foi recuperado pela pol\u00edcia militar \u201cROTAM\u201d, na noite deste s\u00e1bado (21), em Monteiro&hellip; <\/p>\n","protected":false},"author":1,"featured_media":118693,"comment_status":"closed","ping_status":"closed","sticky":false,"template":"","format":"standard","meta":{"sfsi_plus_gutenberg_text_before_share":"","sfsi_plus_gutenberg_show_text_before_share":"","sfsi_plus_gutenberg_icon_type":"","sfsi_plus_gutenberg_icon_alignemt":"","sfsi_plus_gutenburg_max_per_row":"","footnotes":""},"categories":[50,12],"tags":[],"class_list":["post-118692","post","type-post","status-publish","format-standard","has-post-thumbnail","hentry","category-destaque","category-policia"],"_links":{"self":[{"href":"https:\/\/www.caririemacao.com\/1\/wp-json\/wp\/v2\/posts\/118692","targetHints":{"allow":["GET"]}}],"collection":[{"href":"https:\/\/www.caririemacao.com\/1\/wp-json\/wp\/v2\/posts"}],"about":[{"href":"https:\/\/www.caririemacao.com\/1\/wp-json\/wp\/v2\/types\/post"}],"author":[{"embeddable":true,"href":"https:\/\/www.caririemacao.com\/1\/wp-json\/wp\/v2\/users\/1"}],"replies":[{"embeddable":true,"href":"https:\/\/www.caririemacao.com\/1\/wp-json\/wp\/v2\/comments?post=118692"}],"version-history":[{"count":1,"href":"https:\/\/www.caririemacao.com\/1\/wp-json\/wp\/v2\/posts\/118692\/revisions"}],"predecessor-version":[{"id":118694,"href":"https:\/\/www.caririemacao.com\/1\/wp-json\/wp\/v2\/posts\/118692\/revisions\/118694"}],"wp:featuredmedia":[{"embeddable":true,"href":"https:\/\/www.caririemacao.com\/1\/wp-json\/wp\/v2\/media\/118693"}],"wp:attachment":[{"href":"https:\/\/www.caririemacao.com\/1\/wp-json\/wp\/v2\/media?parent=118692"}],"wp:term":[{"taxonomy":"category","embeddable":true,"href":"https:\/\/www.caririemacao.com\/1\/wp-json\/wp\/v2\/categories?post=118692"},{"taxonomy":"post_tag","embeddable":true,"href":"https:\/\/www.caririemacao.com\/1\/wp-json\/wp\/v2\/tags?post=118692"}],"curies":[{"name":"wp","href":"https:\/\/api.w.org\/{rel}","templated":true}]}}