{"id":118695,"date":"2019-09-22T04:53:02","date_gmt":"2019-09-22T07:53:02","guid":{"rendered":"http:\/\/www.caririemacao.com\/1\/?p=118695"},"modified":"2019-09-22T04:53:02","modified_gmt":"2019-09-22T07:53:02","slug":"policia-age-rapido-e-prende-casal-acusado-de-assaltar-jovem-em-monteiro","status":"publish","type":"post","link":"https:\/\/www.caririemacao.com\/1\/2019\/09\/22\/policia-age-rapido-e-prende-casal-acusado-de-assaltar-jovem-em-monteiro\/","title":{"rendered":"Pol\u00edcia age r\u00e1pido e prende casal acusado de assaltar jovem em Monteiro"},"content":{"rendered":"\n<p>Um casal foi preso em flagrante na noite desta sexta-feira (20), pr\u00f3ximo ao posto de combust\u00edvel avante, ap\u00f3s assaltarem um jovem a m\u00e3o armada nas proximidades da rua dos pereiros em Monteiro no cariri.<\/p>\n\n\n\n<p>MATERIAIS APREENDIDOS:<br>01 simulacro de arma de fogo<br>uma m\u00e1scara de pano preta<br>01 celular LG k11, cor preto<br>01 Fiat uno, cor vinho de placa KKX-7221-PB.<\/p>\n\n\n\n<p>Os acusados, um homem e uma menor de idade foram conduzidos para a delegacia de pol\u00edcia civil para as devidas provid\u00eancias.<\/p>\n\n\n\n<p>HORA1PB<\/p>\n","protected":false},"excerpt":{"rendered":"<p>Um casal foi preso em flagrante na noite desta sexta-feira (20), pr\u00f3ximo ao posto de combust\u00edvel avante, ap\u00f3s assaltarem um jovem a m\u00e3o armada nas&hellip; <\/p>\n","protected":false},"author":1,"featured_media":118697,"comment_status":"closed","ping_status":"closed","sticky":false,"template":"","format":"standard","meta":{"sfsi_plus_gutenberg_text_before_share":"","sfsi_plus_gutenberg_show_text_before_share":"","sfsi_plus_gutenberg_icon_type":"","sfsi_plus_gutenberg_icon_alignemt":"","sfsi_plus_gutenburg_max_per_row":"","footnotes":""},"categories":[12],"tags":[],"class_list":["post-118695","post","type-post","status-publish","format-standard","has-post-thumbnail","hentry","category-policia"],"_links":{"self":[{"href":"https:\/\/www.caririemacao.com\/1\/wp-json\/wp\/v2\/posts\/118695","targetHints":{"allow":["GET"]}}],"collection":[{"href":"https:\/\/www.caririemacao.com\/1\/wp-json\/wp\/v2\/posts"}],"about":[{"href":"https:\/\/www.caririemacao.com\/1\/wp-json\/wp\/v2\/types\/post"}],"author":[{"embeddable":true,"href":"https:\/\/www.caririemacao.com\/1\/wp-json\/wp\/v2\/users\/1"}],"replies":[{"embeddable":true,"href":"https:\/\/www.caririemacao.com\/1\/wp-json\/wp\/v2\/comments?post=118695"}],"version-history":[{"count":1,"href":"https:\/\/www.caririemacao.com\/1\/wp-json\/wp\/v2\/posts\/118695\/revisions"}],"predecessor-version":[{"id":118698,"href":"https:\/\/www.caririemacao.com\/1\/wp-json\/wp\/v2\/posts\/118695\/revisions\/118698"}],"wp:featuredmedia":[{"embeddable":true,"href":"https:\/\/www.caririemacao.com\/1\/wp-json\/wp\/v2\/media\/118697"}],"wp:attachment":[{"href":"https:\/\/www.caririemacao.com\/1\/wp-json\/wp\/v2\/media?parent=118695"}],"wp:term":[{"taxonomy":"category","embeddable":true,"href":"https:\/\/www.caririemacao.com\/1\/wp-json\/wp\/v2\/categories?post=118695"},{"taxonomy":"post_tag","embeddable":true,"href":"https:\/\/www.caririemacao.com\/1\/wp-json\/wp\/v2\/tags?post=118695"}],"curies":[{"name":"wp","href":"https:\/\/api.w.org\/{rel}","templated":true}]}}