{"id":118701,"date":"2019-09-22T04:56:19","date_gmt":"2019-09-22T07:56:19","guid":{"rendered":"http:\/\/www.caririemacao.com\/1\/?p=118701"},"modified":"2019-09-22T04:56:19","modified_gmt":"2019-09-22T07:56:19","slug":"prefeito-jefferson-roberto-assina-ordem-de-servico-para-instalacao-de-mais-um-dessalinizador-na-zona-rural-2","status":"publish","type":"post","link":"https:\/\/www.caririemacao.com\/1\/2019\/09\/22\/prefeito-jefferson-roberto-assina-ordem-de-servico-para-instalacao-de-mais-um-dessalinizador-na-zona-rural-2\/","title":{"rendered":"Prefeito Jefferson Roberto assina ordem de servi\u00e7o para instala\u00e7\u00e3o de mais um dessalinizador na zona rural"},"content":{"rendered":"\n<p>A Prefeitura de S\u00e3o Jos\u00e9 dos Cordeiros segue focada no trabalho e na conquista de novos equipamentos para o munic\u00edpio. Nesta quarta-feira (18), o prefeito Jefferson Roberto junto \u00e0 coordena\u00e7\u00e3o do programa \u00c1gua Doce esteve assinando a ordem de servi\u00e7o para mais um dessalinizador na zona rural, desta vez na comunidade de Sim\u00e3o Lopes.<\/p>\n\n\n\n<p>A obra vai beneficiar diretamente os moradores dos s\u00edtios Sim\u00e3o Lopes, Algod\u00e3o e Riacho dos Pocinhos e representar\u00e1 um investimento de R$ 80 mil numa parceria entre a Prefeitura e o Governo do Estado, atrav\u00e9s do Procase.<\/p>\n\n\n\n<div class=\"wp-block-image\"><figure class=\"aligncenter\"><a href=\"http:\/\/noticiasemdestaque.com\/cd\/wp-content\/uploads\/2019\/09\/JEF-2-600x447.jpg\"><img decoding=\"async\" data-src=\"http:\/\/noticiasemdestaque.com\/cd\/wp-content\/uploads\/2019\/09\/JEF-2-600x447.jpg\" alt=\"\" class=\"wp-image-19797 lazyload\" src=\"data:image\/svg+xml;base64,PHN2ZyB3aWR0aD0iMSIgaGVpZ2h0PSIxIiB4bWxucz0iaHR0cDovL3d3dy53My5vcmcvMjAwMC9zdmciPjwvc3ZnPg==\" style=\"--smush-placeholder-width: 600px; --smush-placeholder-aspect-ratio: 600\/447;\" \/><\/a><\/figure><\/div>\n\n\n\n<p>O prefeito Jefferson Roberto agradeceu ao governador Jo\u00e3o Azevedo e a equipe do Procase, na pessoa de seu coordenador Aristeu Chaves, por executar mais uma importante obra em favor dos que mais precisam em S\u00e3o Jos\u00e9 dos Cordeiros. Jefferson ainda agradeceu ao senhor Jos\u00e9 \u00c2ngelo, que fez a doa\u00e7\u00e3o do terreno onde ser\u00e1 implantado o sistema.<\/p>\n","protected":false},"excerpt":{"rendered":"<p>A Prefeitura de S\u00e3o Jos\u00e9 dos Cordeiros segue focada no trabalho e na conquista de novos equipamentos para o munic\u00edpio. Nesta quarta-feira (18), o prefeito&hellip; <\/p>\n","protected":false},"author":1,"featured_media":118702,"comment_status":"closed","ping_status":"closed","sticky":false,"template":"","format":"standard","meta":{"sfsi_plus_gutenberg_text_before_share":"","sfsi_plus_gutenberg_show_text_before_share":"","sfsi_plus_gutenberg_icon_type":"","sfsi_plus_gutenberg_icon_alignemt":"","sfsi_plus_gutenburg_max_per_row":"","footnotes":""},"categories":[6,50],"tags":[],"class_list":["post-118701","post","type-post","status-publish","format-standard","has-post-thumbnail","hentry","category-cidades","category-destaque"],"_links":{"self":[{"href":"https:\/\/www.caririemacao.com\/1\/wp-json\/wp\/v2\/posts\/118701","targetHints":{"allow":["GET"]}}],"collection":[{"href":"https:\/\/www.caririemacao.com\/1\/wp-json\/wp\/v2\/posts"}],"about":[{"href":"https:\/\/www.caririemacao.com\/1\/wp-json\/wp\/v2\/types\/post"}],"author":[{"embeddable":true,"href":"https:\/\/www.caririemacao.com\/1\/wp-json\/wp\/v2\/users\/1"}],"replies":[{"embeddable":true,"href":"https:\/\/www.caririemacao.com\/1\/wp-json\/wp\/v2\/comments?post=118701"}],"version-history":[{"count":1,"href":"https:\/\/www.caririemacao.com\/1\/wp-json\/wp\/v2\/posts\/118701\/revisions"}],"predecessor-version":[{"id":118703,"href":"https:\/\/www.caririemacao.com\/1\/wp-json\/wp\/v2\/posts\/118701\/revisions\/118703"}],"wp:featuredmedia":[{"embeddable":true,"href":"https:\/\/www.caririemacao.com\/1\/wp-json\/wp\/v2\/media\/118702"}],"wp:attachment":[{"href":"https:\/\/www.caririemacao.com\/1\/wp-json\/wp\/v2\/media?parent=118701"}],"wp:term":[{"taxonomy":"category","embeddable":true,"href":"https:\/\/www.caririemacao.com\/1\/wp-json\/wp\/v2\/categories?post=118701"},{"taxonomy":"post_tag","embeddable":true,"href":"https:\/\/www.caririemacao.com\/1\/wp-json\/wp\/v2\/tags?post=118701"}],"curies":[{"name":"wp","href":"https:\/\/api.w.org\/{rel}","templated":true}]}}