{"id":118705,"date":"2019-09-22T04:58:04","date_gmt":"2019-09-22T07:58:04","guid":{"rendered":"http:\/\/www.caririemacao.com\/1\/?p=118705"},"modified":"2019-09-22T04:58:04","modified_gmt":"2019-09-22T07:58:04","slug":"deputados-do-pt-e-do-psl-escanteiam-rivalidade-e-cobram-ministro-sobre-bombeamento-da-transposicao-em-monteiro","status":"publish","type":"post","link":"https:\/\/www.caririemacao.com\/1\/2019\/09\/22\/deputados-do-pt-e-do-psl-escanteiam-rivalidade-e-cobram-ministro-sobre-bombeamento-da-transposicao-em-monteiro\/","title":{"rendered":"Deputados do PT e do PSL \u2018escanteiam\u2019 rivalidade e cobram ministro sobre bombeamento da Transposi\u00e7\u00e3o em Monteiro"},"content":{"rendered":"\n<p>Advers\u00e1rios pol\u00edticos, os deputados federais Julian Lemos (PSL) e Frei Anast\u00e1cio (PT) estiveram juntos em reuni\u00e3o com o ministro Gustavo Canuto, do Desenvolvimento Regional, para cobrar a retomada do bombeamento da Transposi\u00e7\u00e3o do Rio S\u00e3o Francisco no Eixo Leste, que atende o munic\u00edpio de Monteiro, no Cariri da Para\u00edba. O encontro entre os tr\u00eas aconteceu na manh\u00e3 desta quarta-feira (18), em Bras\u00edlia.<\/p>\n\n\n\n<p>O bombeamento foi paralisado para reparos no canal e o fato motivou o evento \u2018SOS Transposi\u00e7\u00e3o\u2019, organizado pelo ex-governador Ricardo Coutinho, em Monteiro, no dia 1\u00ba de setembro. H\u00e1 cobran\u00e7as pela retomada do bombeamento da \u00e1gua feitas por autoridades e por moradores.<\/p>\n\n\n\n<p>\u201cTivemos essa a\u00e7\u00e3o conjunta, eu e Julian Lemos, em nome da Para\u00edba buscando o interesse do povo acima de tudo\u201d, disse Frei Anast\u00e1cio.<\/p>\n\n\n\n<p>O ministro Gustavo Canuto garantiu aos dois parlamentares que o problema j\u00e1 est\u00e1 sendo resolvido e que Monteiro, al\u00e9m de outros 36 munic\u00edpios, a exemplo de Campina Grande, estar\u00e3o recebendo a \u00e1gua da Transposi\u00e7\u00e3o. O ministro, no entanto, n\u00e3o estabeleceu prazo para o retorno da \u00e1gua, mas garantiu concluir toda revis\u00e3o do canal do Eixo Leste ainda neste m\u00eas. Canuto disse ainda que o bombeamento n\u00e3o foi retomado ainda por uma quest\u00e3o de seguran\u00e7a.<\/p>\n\n\n\n<p>\u201cO ministro nos recebeu muito bem e espero que ele cumpra com o que garantiu na audi\u00eancia. O povo j\u00e1 est\u00e1 sofrendo com a falta de \u00e1gua e a situa\u00e7\u00e3o ficar\u00e1 mais grave ainda se o bombeamento n\u00e3o voltar\u201d, disse Frei Anast\u00e1cio.<\/p>\n\n\n\n<p>Frei Anast\u00e1cio informa que o reservat\u00f3rio em Camala\u00fa est\u00e1 apenas com 5,95% de sua capacidade, e em Po\u00e7\u00f5es, o n\u00edvel est\u00e1 pior ainda, com apenas 4,71% de sua capacidade total. E o A\u00e7ude Boqueir\u00e3o est\u00e1 apenas com 15,77% de sua capacidade de armazenamento. O problema se agrava a cada dia, pois o corte no bombeamento, desde o m\u00eas de fevereiro, vem acarretando rachaduras no canal que conduz a \u00e1gua.<\/p>\n\n\n\n<p>\u201cTememos que a \u00e1gua se acabe nos pr\u00f3ximos dias e que o povo paraibano venha sofrer graves consequ\u00eancias com a falta dela. Sem, chuva e sem as \u00e1guas do canal da transposi\u00e7\u00e3o, em breve, cerca de 700 mil habitantes ir\u00e3o ficar sem abastecimento, s\u00f3 na regi\u00e3o de Campina Grande. Vamos aguardar o que o Ministro far\u00e1 nos pr\u00f3ximos dias\u201d, concluiu Frei Anast\u00e1cio.<\/p>\n\n\n\n<p>O deputado Julian Lemos publicou o v\u00eddeo da reuni\u00e3o, em sua conta no Instagram, e escreveu a seguinte legenda: \u201cO bem da Para\u00edba nossa miss\u00e3o maior (sic).\u201d Ele explicou que a dupla entregou o of\u00edcio ao ministro solicitando a retomada do bombeamento da \u00e1gua para Monteiro.<\/p>\n\n\n\n<p><em>Com Click PB<\/em><\/p>\n","protected":false},"excerpt":{"rendered":"<p>Advers\u00e1rios pol\u00edticos, os deputados federais Julian Lemos (PSL) e Frei Anast\u00e1cio (PT) estiveram juntos em reuni\u00e3o com o ministro Gustavo Canuto, do Desenvolvimento Regional, para&hellip; <\/p>\n","protected":false},"author":1,"featured_media":118707,"comment_status":"closed","ping_status":"closed","sticky":false,"template":"","format":"standard","meta":{"sfsi_plus_gutenberg_text_before_share":"","sfsi_plus_gutenberg_show_text_before_share":"","sfsi_plus_gutenberg_icon_type":"","sfsi_plus_gutenberg_icon_alignemt":"","sfsi_plus_gutenburg_max_per_row":"","footnotes":""},"categories":[50,11],"tags":[],"class_list":["post-118705","post","type-post","status-publish","format-standard","has-post-thumbnail","hentry","category-destaque","category-politica"],"_links":{"self":[{"href":"https:\/\/www.caririemacao.com\/1\/wp-json\/wp\/v2\/posts\/118705","targetHints":{"allow":["GET"]}}],"collection":[{"href":"https:\/\/www.caririemacao.com\/1\/wp-json\/wp\/v2\/posts"}],"about":[{"href":"https:\/\/www.caririemacao.com\/1\/wp-json\/wp\/v2\/types\/post"}],"author":[{"embeddable":true,"href":"https:\/\/www.caririemacao.com\/1\/wp-json\/wp\/v2\/users\/1"}],"replies":[{"embeddable":true,"href":"https:\/\/www.caririemacao.com\/1\/wp-json\/wp\/v2\/comments?post=118705"}],"version-history":[{"count":1,"href":"https:\/\/www.caririemacao.com\/1\/wp-json\/wp\/v2\/posts\/118705\/revisions"}],"predecessor-version":[{"id":118708,"href":"https:\/\/www.caririemacao.com\/1\/wp-json\/wp\/v2\/posts\/118705\/revisions\/118708"}],"wp:featuredmedia":[{"embeddable":true,"href":"https:\/\/www.caririemacao.com\/1\/wp-json\/wp\/v2\/media\/118707"}],"wp:attachment":[{"href":"https:\/\/www.caririemacao.com\/1\/wp-json\/wp\/v2\/media?parent=118705"}],"wp:term":[{"taxonomy":"category","embeddable":true,"href":"https:\/\/www.caririemacao.com\/1\/wp-json\/wp\/v2\/categories?post=118705"},{"taxonomy":"post_tag","embeddable":true,"href":"https:\/\/www.caririemacao.com\/1\/wp-json\/wp\/v2\/tags?post=118705"}],"curies":[{"name":"wp","href":"https:\/\/api.w.org\/{rel}","templated":true}]}}