{"id":118710,"date":"2019-09-22T05:00:20","date_gmt":"2019-09-22T08:00:20","guid":{"rendered":"http:\/\/www.caririemacao.com\/1\/?p=118710"},"modified":"2019-09-22T05:00:20","modified_gmt":"2019-09-22T08:00:20","slug":"laeb-mostra-atividade-do-local-para-alunos-de-escola-da-cidade-de-camalau-pb","status":"publish","type":"post","link":"https:\/\/www.caririemacao.com\/1\/2019\/09\/22\/laeb-mostra-atividade-do-local-para-alunos-de-escola-da-cidade-de-camalau-pb\/","title":{"rendered":"LAEB mostra atividade do local para alunos de escola da cidade de Camala\u00fa-PB"},"content":{"rendered":"\n<p>Na \u00faltima ter\u00e7a-feira (17), os integrantes do Laborat\u00f3rio de Ecologia e Bot\u00e2nica \u2013 LAEB do Centro de Desenvolvimento Sustent\u00e1vel do Semi\u00e1rido da UFCG apresentaram atividades e mostraram a\u00e7\u00f5es,&nbsp;em seus espa\u00e7os, para alunos da Escola Professora Centro Educacional Odete Maciel Firmo do munic\u00edpio de Camala\u00fa-PB.<\/p>\n\n\n\n<p>\u201cEstamos buscando de forma incans\u00e1vel difundir o conhecimento sobre a import\u00e2ncia dos recursos naturais e os servi\u00e7os ecossist\u00eamicos executados pelos componentes bi\u00f3ticos presentes nos sistemas naturais do Semi\u00e1rido brasileiro\u201d, disse a professora Alecksandra Vieira de Lacerda, coordenadora LAEB.<\/p>\n\n\n\n<p>\u201cO nosso laborat\u00f3rio e seus integrantes buscam abrir os seus espa\u00e7os para dialogar com a comunidade e demonstrar as riquezas do nosso Bioma Caatinga\u201d, enfatizou.<\/p>\n\n\n\n<p>Assimp CDSA\/UFCG<\/p>\n","protected":false},"excerpt":{"rendered":"<p>Na \u00faltima ter\u00e7a-feira (17), os integrantes do Laborat\u00f3rio de Ecologia e Bot\u00e2nica \u2013 LAEB do Centro de Desenvolvimento Sustent\u00e1vel do Semi\u00e1rido da UFCG apresentaram atividades&hellip; <\/p>\n","protected":false},"author":1,"featured_media":118711,"comment_status":"closed","ping_status":"closed","sticky":false,"template":"","format":"standard","meta":{"sfsi_plus_gutenberg_text_before_share":"","sfsi_plus_gutenberg_show_text_before_share":"","sfsi_plus_gutenberg_icon_type":"","sfsi_plus_gutenberg_icon_alignemt":"","sfsi_plus_gutenburg_max_per_row":"","footnotes":""},"categories":[50,14],"tags":[],"class_list":["post-118710","post","type-post","status-publish","format-standard","has-post-thumbnail","hentry","category-destaque","category-educacao"],"_links":{"self":[{"href":"https:\/\/www.caririemacao.com\/1\/wp-json\/wp\/v2\/posts\/118710","targetHints":{"allow":["GET"]}}],"collection":[{"href":"https:\/\/www.caririemacao.com\/1\/wp-json\/wp\/v2\/posts"}],"about":[{"href":"https:\/\/www.caririemacao.com\/1\/wp-json\/wp\/v2\/types\/post"}],"author":[{"embeddable":true,"href":"https:\/\/www.caririemacao.com\/1\/wp-json\/wp\/v2\/users\/1"}],"replies":[{"embeddable":true,"href":"https:\/\/www.caririemacao.com\/1\/wp-json\/wp\/v2\/comments?post=118710"}],"version-history":[{"count":1,"href":"https:\/\/www.caririemacao.com\/1\/wp-json\/wp\/v2\/posts\/118710\/revisions"}],"predecessor-version":[{"id":118712,"href":"https:\/\/www.caririemacao.com\/1\/wp-json\/wp\/v2\/posts\/118710\/revisions\/118712"}],"wp:featuredmedia":[{"embeddable":true,"href":"https:\/\/www.caririemacao.com\/1\/wp-json\/wp\/v2\/media\/118711"}],"wp:attachment":[{"href":"https:\/\/www.caririemacao.com\/1\/wp-json\/wp\/v2\/media?parent=118710"}],"wp:term":[{"taxonomy":"category","embeddable":true,"href":"https:\/\/www.caririemacao.com\/1\/wp-json\/wp\/v2\/categories?post=118710"},{"taxonomy":"post_tag","embeddable":true,"href":"https:\/\/www.caririemacao.com\/1\/wp-json\/wp\/v2\/tags?post=118710"}],"curies":[{"name":"wp","href":"https:\/\/api.w.org\/{rel}","templated":true}]}}