{"id":118715,"date":"2019-09-22T05:07:38","date_gmt":"2019-09-22T08:07:38","guid":{"rendered":"http:\/\/www.caririemacao.com\/1\/?p=118715"},"modified":"2019-09-22T05:07:38","modified_gmt":"2019-09-22T08:07:38","slug":"cabaceirenses-comemoram-a-convocacao-de-santos-para-selecao-brasileira","status":"publish","type":"post","link":"https:\/\/www.caririemacao.com\/1\/2019\/09\/22\/cabaceirenses-comemoram-a-convocacao-de-santos-para-selecao-brasileira\/","title":{"rendered":"Cabaceirenses comemoram a convoca\u00e7\u00e3o de Santos para Sele\u00e7\u00e3o Brasileira"},"content":{"rendered":"\n<p>O goleiro paraibano Santos foi convocado, nesta sexta-feira(20), para Sele\u00e7\u00e3o Brasileira de Futebol. Os moradores de Cabaceiras comemoraram a convoca\u00e7\u00e3o do paraibano com uma grande carreata pelas ruas da cidade.<\/p>\n\n\n\n<p>Santos atua como goleiro do Athletico Paranaense e fez parte nesta semana da conquista do t\u00edtulo da Copa do Brasil. A final do campeonato aconteceu na \u00faltima quarta-feira (18) contra o Internacional.<\/p>\n\n\n\n<p>O paraibano foi convocado pelo t\u00e9cnico Tite, para amistosos contra as sele\u00e7\u00f5es de Senegal e Nig\u00e9ria, nos dias 10 e 13 de outubro em Singapura.<\/p>\n\n\n\n<p>Esta \u00e9 a primeira convoca\u00e7\u00e3o de Santos para a sele\u00e7\u00e3o principal de futebol. Ele \u00e9 uma das novidades da convoca\u00e7\u00e3o junto com Rodrigo Caio e Gabigol, do Flamengo.<\/p>\n\n\n\n<p>O paraibano Santos teve grande destaque na temporada e chegou a defender p\u00eanaltis nas partidas contra o Gr\u00eamio e o Flamengo, garantindo a vit\u00f3ria para o Athletico-PR.<\/p>\n\n\n\n<p>Ap\u00f3s ser convocado, o goleiro agradeceu a torcida nas suas redes sociais.<\/p>\n\n\n\n<p>Clickpb<\/p>\n","protected":false},"excerpt":{"rendered":"<p>O goleiro paraibano Santos foi convocado, nesta sexta-feira(20), para Sele\u00e7\u00e3o Brasileira de Futebol. Os moradores de Cabaceiras comemoraram a convoca\u00e7\u00e3o do paraibano com uma grande&hellip; <\/p>\n","protected":false},"author":1,"featured_media":118717,"comment_status":"closed","ping_status":"closed","sticky":false,"template":"","format":"standard","meta":{"sfsi_plus_gutenberg_text_before_share":"","sfsi_plus_gutenberg_show_text_before_share":"","sfsi_plus_gutenberg_icon_type":"","sfsi_plus_gutenberg_icon_alignemt":"","sfsi_plus_gutenburg_max_per_row":"","footnotes":""},"categories":[6],"tags":[],"class_list":["post-118715","post","type-post","status-publish","format-standard","has-post-thumbnail","hentry","category-cidades"],"_links":{"self":[{"href":"https:\/\/www.caririemacao.com\/1\/wp-json\/wp\/v2\/posts\/118715","targetHints":{"allow":["GET"]}}],"collection":[{"href":"https:\/\/www.caririemacao.com\/1\/wp-json\/wp\/v2\/posts"}],"about":[{"href":"https:\/\/www.caririemacao.com\/1\/wp-json\/wp\/v2\/types\/post"}],"author":[{"embeddable":true,"href":"https:\/\/www.caririemacao.com\/1\/wp-json\/wp\/v2\/users\/1"}],"replies":[{"embeddable":true,"href":"https:\/\/www.caririemacao.com\/1\/wp-json\/wp\/v2\/comments?post=118715"}],"version-history":[{"count":1,"href":"https:\/\/www.caririemacao.com\/1\/wp-json\/wp\/v2\/posts\/118715\/revisions"}],"predecessor-version":[{"id":118718,"href":"https:\/\/www.caririemacao.com\/1\/wp-json\/wp\/v2\/posts\/118715\/revisions\/118718"}],"wp:featuredmedia":[{"embeddable":true,"href":"https:\/\/www.caririemacao.com\/1\/wp-json\/wp\/v2\/media\/118717"}],"wp:attachment":[{"href":"https:\/\/www.caririemacao.com\/1\/wp-json\/wp\/v2\/media?parent=118715"}],"wp:term":[{"taxonomy":"category","embeddable":true,"href":"https:\/\/www.caririemacao.com\/1\/wp-json\/wp\/v2\/categories?post=118715"},{"taxonomy":"post_tag","embeddable":true,"href":"https:\/\/www.caririemacao.com\/1\/wp-json\/wp\/v2\/tags?post=118715"}],"curies":[{"name":"wp","href":"https:\/\/api.w.org\/{rel}","templated":true}]}}