{"id":118721,"date":"2019-09-22T05:12:41","date_gmt":"2019-09-22T08:12:41","guid":{"rendered":"http:\/\/www.caririemacao.com\/1\/?p=118721"},"modified":"2019-09-22T07:01:44","modified_gmt":"2019-09-22T10:01:44","slug":"confirmada-programacao-completa-da-2a-exposicao-de-sao-sebastiao-do-umbuzeiro","status":"publish","type":"post","link":"https:\/\/www.caririemacao.com\/1\/2019\/09\/22\/confirmada-programacao-completa-da-2a-exposicao-de-sao-sebastiao-do-umbuzeiro\/","title":{"rendered":"Confirmada programa\u00e7\u00e3o completa da 2\u00aa Exposi\u00e7\u00e3o de S\u00e3o Sebasti\u00e3o do Umbuzeiro"},"content":{"rendered":"\n<p>Foi confirmada oficialmente neste final de semana a programa\u00e7\u00e3o completa da 2\u00aa Exposi\u00e7\u00e3o de SS do Umbuzeiro.<\/p>\n\n\n\n<p>Como era esperado, o evento est\u00e1 bem maior em 2019, gra\u00e7as ao sucesso da 1\u00aa edi\u00e7\u00e3o e ao empenho e determina\u00e7\u00e3o dos organizadores com o aval do prefeito Adriano Wolff.<\/p>\n\n\n\n<p>A exposi\u00e7\u00e3o acontece de 26 a 28 de setembro, e sua programa\u00e7\u00e3o est\u00e1 extremamente diversificada.<\/p>\n\n\n\n<p>Dentro da programa\u00e7\u00e3o haver\u00e1 atividades como cursos, oficinas, assinatura de contratos do AGROAMIGO, concurso de animais, e evidente: muito forr\u00f3 p\u00e9-de-serra.<\/p>\n\n\n\n<p>De acordo com o secret\u00e1rio de agricultura de SS do Umbuzeiro Di\u00eago Elesb\u00e3o, o evento est\u00e1 abrindo novos horizontes, tendo este ano uma participa\u00e7\u00e3o bem maior&nbsp; inclusive alcan\u00e7ando expositores e produtores de muito mais munic\u00edpios.<\/p>\n\n\n\n<p>Confira abaixo, a programa\u00e7\u00e3o completa da II EXPOSSU<br><\/p>\n\n\n\n<p><br><\/p>\n\n\n\n<figure class=\"wp-block-image\"><a href=\"https:\/\/1.bp.blogspot.com\/-wpEqfb5y6-g\/XYZHLXRJz0I\/AAAAAAAAGig\/Zsv3IY2fEgAOUzsV842OUeJ-QKwgDIopQCLcBGAsYHQ\/s1600\/6.jpg\"><img decoding=\"async\" data-src=\"https:\/\/1.bp.blogspot.com\/-wpEqfb5y6-g\/XYZHLXRJz0I\/AAAAAAAAGig\/Zsv3IY2fEgAOUzsV842OUeJ-QKwgDIopQCLcBGAsYHQ\/s280\/6.jpg\" alt=\"\" src=\"data:image\/svg+xml;base64,PHN2ZyB3aWR0aD0iMSIgaGVpZ2h0PSIxIiB4bWxucz0iaHR0cDovL3d3dy53My5vcmcvMjAwMC9zdmciPjwvc3ZnPg==\" class=\"lazyload\" \/><\/a><\/figure>\n","protected":false},"excerpt":{"rendered":"<p>Foi confirmada oficialmente neste final de semana a programa\u00e7\u00e3o completa da 2\u00aa Exposi\u00e7\u00e3o de SS do Umbuzeiro. Como era esperado, o evento est\u00e1 bem maior&hellip; <\/p>\n","protected":false},"author":1,"featured_media":118722,"comment_status":"closed","ping_status":"closed","sticky":false,"template":"","format":"standard","meta":{"sfsi_plus_gutenberg_text_before_share":"","sfsi_plus_gutenberg_show_text_before_share":"","sfsi_plus_gutenberg_icon_type":"","sfsi_plus_gutenberg_icon_alignemt":"","sfsi_plus_gutenburg_max_per_row":"","footnotes":""},"categories":[2],"tags":[],"class_list":["post-118721","post","type-post","status-publish","format-standard","has-post-thumbnail","hentry","category-geral"],"_links":{"self":[{"href":"https:\/\/www.caririemacao.com\/1\/wp-json\/wp\/v2\/posts\/118721","targetHints":{"allow":["GET"]}}],"collection":[{"href":"https:\/\/www.caririemacao.com\/1\/wp-json\/wp\/v2\/posts"}],"about":[{"href":"https:\/\/www.caririemacao.com\/1\/wp-json\/wp\/v2\/types\/post"}],"author":[{"embeddable":true,"href":"https:\/\/www.caririemacao.com\/1\/wp-json\/wp\/v2\/users\/1"}],"replies":[{"embeddable":true,"href":"https:\/\/www.caririemacao.com\/1\/wp-json\/wp\/v2\/comments?post=118721"}],"version-history":[{"count":2,"href":"https:\/\/www.caririemacao.com\/1\/wp-json\/wp\/v2\/posts\/118721\/revisions"}],"predecessor-version":[{"id":118760,"href":"https:\/\/www.caririemacao.com\/1\/wp-json\/wp\/v2\/posts\/118721\/revisions\/118760"}],"wp:featuredmedia":[{"embeddable":true,"href":"https:\/\/www.caririemacao.com\/1\/wp-json\/wp\/v2\/media\/118722"}],"wp:attachment":[{"href":"https:\/\/www.caririemacao.com\/1\/wp-json\/wp\/v2\/media?parent=118721"}],"wp:term":[{"taxonomy":"category","embeddable":true,"href":"https:\/\/www.caririemacao.com\/1\/wp-json\/wp\/v2\/categories?post=118721"},{"taxonomy":"post_tag","embeddable":true,"href":"https:\/\/www.caririemacao.com\/1\/wp-json\/wp\/v2\/tags?post=118721"}],"curies":[{"name":"wp","href":"https:\/\/api.w.org\/{rel}","templated":true}]}}