{"id":118725,"date":"2019-09-22T05:16:13","date_gmt":"2019-09-22T08:16:13","guid":{"rendered":"http:\/\/www.caririemacao.com\/1\/?p=118725"},"modified":"2019-09-22T05:16:13","modified_gmt":"2019-09-22T08:16:13","slug":"dupla-rouba-motocicleta-na-zona-rural-de-taperoa","status":"publish","type":"post","link":"https:\/\/www.caririemacao.com\/1\/2019\/09\/22\/dupla-rouba-motocicleta-na-zona-rural-de-taperoa\/","title":{"rendered":"Dupla rouba motocicleta na zona rural de Tapero\u00e1"},"content":{"rendered":"\n<p>Uma motocicleta foi roubada no in\u00edcio da noite desta \u00faltima sexta-feira (20), na zona rural de Tapero\u00e1 , mas precisamente, nas proximidades do S\u00edtio Bonito.<\/p>\n\n\n\n<p>Conforme informa\u00e7\u00f5es, o propriet\u00e1rio seguia pela estrada rural quando foi abordado por dois homens que anunciaram o assalto e fugiram levando a motocicleta.<\/p>\n\n\n\n<p>A Pol\u00edcia Militar de Tapero\u00e1 realizou dilig\u00eancias, mas sem \u00eaxito at\u00e9 o momento.<\/p>\n\n\n\n<p><em>Informa\u00e7\u00f5es Toinho Patativa<\/em><\/p>\n","protected":false},"excerpt":{"rendered":"<p>Uma motocicleta foi roubada no in\u00edcio da noite desta \u00faltima sexta-feira (20), na zona rural de Tapero\u00e1 , mas precisamente, nas proximidades do S\u00edtio Bonito.&hellip; <\/p>\n","protected":false},"author":1,"featured_media":1010,"comment_status":"closed","ping_status":"closed","sticky":false,"template":"","format":"standard","meta":{"sfsi_plus_gutenberg_text_before_share":"","sfsi_plus_gutenberg_show_text_before_share":"","sfsi_plus_gutenberg_icon_type":"","sfsi_plus_gutenberg_icon_alignemt":"","sfsi_plus_gutenburg_max_per_row":"","footnotes":""},"categories":[12],"tags":[],"class_list":["post-118725","post","type-post","status-publish","format-standard","has-post-thumbnail","hentry","category-policia"],"_links":{"self":[{"href":"https:\/\/www.caririemacao.com\/1\/wp-json\/wp\/v2\/posts\/118725","targetHints":{"allow":["GET"]}}],"collection":[{"href":"https:\/\/www.caririemacao.com\/1\/wp-json\/wp\/v2\/posts"}],"about":[{"href":"https:\/\/www.caririemacao.com\/1\/wp-json\/wp\/v2\/types\/post"}],"author":[{"embeddable":true,"href":"https:\/\/www.caririemacao.com\/1\/wp-json\/wp\/v2\/users\/1"}],"replies":[{"embeddable":true,"href":"https:\/\/www.caririemacao.com\/1\/wp-json\/wp\/v2\/comments?post=118725"}],"version-history":[{"count":1,"href":"https:\/\/www.caririemacao.com\/1\/wp-json\/wp\/v2\/posts\/118725\/revisions"}],"predecessor-version":[{"id":118726,"href":"https:\/\/www.caririemacao.com\/1\/wp-json\/wp\/v2\/posts\/118725\/revisions\/118726"}],"wp:featuredmedia":[{"embeddable":true,"href":"https:\/\/www.caririemacao.com\/1\/wp-json\/wp\/v2\/media\/1010"}],"wp:attachment":[{"href":"https:\/\/www.caririemacao.com\/1\/wp-json\/wp\/v2\/media?parent=118725"}],"wp:term":[{"taxonomy":"category","embeddable":true,"href":"https:\/\/www.caririemacao.com\/1\/wp-json\/wp\/v2\/categories?post=118725"},{"taxonomy":"post_tag","embeddable":true,"href":"https:\/\/www.caririemacao.com\/1\/wp-json\/wp\/v2\/tags?post=118725"}],"curies":[{"name":"wp","href":"https:\/\/api.w.org\/{rel}","templated":true}]}}