{"id":118729,"date":"2019-09-22T05:18:44","date_gmt":"2019-09-22T08:18:44","guid":{"rendered":"http:\/\/www.caririemacao.com\/1\/?p=118729"},"modified":"2019-09-22T05:18:44","modified_gmt":"2019-09-22T08:18:44","slug":"sou-governador-de-223-municipios-jamais-me-negaria-a-receber-quem-quer-que-seja-enfatiza-joao-azevedo","status":"publish","type":"post","link":"https:\/\/www.caririemacao.com\/1\/2019\/09\/22\/sou-governador-de-223-municipios-jamais-me-negaria-a-receber-quem-quer-que-seja-enfatiza-joao-azevedo\/","title":{"rendered":"\u201cSou governador de 223 munic\u00edpios, jamais me negaria a receber quem quer que seja\u201d enfatiza Jo\u00e3o Azev\u00eado"},"content":{"rendered":"\n<p>O governador Jo\u00e3o Azev\u00eado (PSB) voltou a falar sobre seu relacionamento com os prefeitos paraibanos, tanto de oposi\u00e7\u00e3o quanto de situa\u00e7\u00e3o e disse ser um governador que n\u00e3o discrimina gestor ou munic\u00edpio por conta da falta de apoio.<\/p>\n\n\n\n<p>Segundo Jo\u00e3o ele governa as 223 cidades paraibanas e sempre que for solicitado receber\u00e1 qualquer um dos prefeitos, assim como mesmo sem ter apoiado o governo Bolsonaro, almeja ser recebido em Bras\u00edlia em audi\u00eancias com o governo federal.<\/p>\n\n\n\n<p>\u201cSou governador de 223 munic\u00edpios, portanto, jamais me negaria a receber quem quer que seja. Do mesmo jeito quando vou a Bras\u00edlia, com o respaldo dos votos dos paraibanos para audi\u00eancias no governo federal\u201d, enfatizou.<\/p>\n\n\n\n<p><em>Com PB Agora<\/em><\/p>\n","protected":false},"excerpt":{"rendered":"<p>O governador Jo\u00e3o Azev\u00eado (PSB) voltou a falar sobre seu relacionamento com os prefeitos paraibanos, tanto de oposi\u00e7\u00e3o quanto de situa\u00e7\u00e3o e disse ser um&hellip; <\/p>\n","protected":false},"author":1,"featured_media":108528,"comment_status":"closed","ping_status":"closed","sticky":false,"template":"","format":"standard","meta":{"sfsi_plus_gutenberg_text_before_share":"","sfsi_plus_gutenberg_show_text_before_share":"","sfsi_plus_gutenberg_icon_type":"","sfsi_plus_gutenberg_icon_alignemt":"","sfsi_plus_gutenburg_max_per_row":"","footnotes":""},"categories":[11],"tags":[],"class_list":["post-118729","post","type-post","status-publish","format-standard","has-post-thumbnail","hentry","category-politica"],"_links":{"self":[{"href":"https:\/\/www.caririemacao.com\/1\/wp-json\/wp\/v2\/posts\/118729","targetHints":{"allow":["GET"]}}],"collection":[{"href":"https:\/\/www.caririemacao.com\/1\/wp-json\/wp\/v2\/posts"}],"about":[{"href":"https:\/\/www.caririemacao.com\/1\/wp-json\/wp\/v2\/types\/post"}],"author":[{"embeddable":true,"href":"https:\/\/www.caririemacao.com\/1\/wp-json\/wp\/v2\/users\/1"}],"replies":[{"embeddable":true,"href":"https:\/\/www.caririemacao.com\/1\/wp-json\/wp\/v2\/comments?post=118729"}],"version-history":[{"count":1,"href":"https:\/\/www.caririemacao.com\/1\/wp-json\/wp\/v2\/posts\/118729\/revisions"}],"predecessor-version":[{"id":118730,"href":"https:\/\/www.caririemacao.com\/1\/wp-json\/wp\/v2\/posts\/118729\/revisions\/118730"}],"wp:featuredmedia":[{"embeddable":true,"href":"https:\/\/www.caririemacao.com\/1\/wp-json\/wp\/v2\/media\/108528"}],"wp:attachment":[{"href":"https:\/\/www.caririemacao.com\/1\/wp-json\/wp\/v2\/media?parent=118729"}],"wp:term":[{"taxonomy":"category","embeddable":true,"href":"https:\/\/www.caririemacao.com\/1\/wp-json\/wp\/v2\/categories?post=118729"},{"taxonomy":"post_tag","embeddable":true,"href":"https:\/\/www.caririemacao.com\/1\/wp-json\/wp\/v2\/tags?post=118729"}],"curies":[{"name":"wp","href":"https:\/\/api.w.org\/{rel}","templated":true}]}}