{"id":118733,"date":"2019-09-22T05:23:31","date_gmt":"2019-09-22T08:23:31","guid":{"rendered":"http:\/\/www.caririemacao.com\/1\/?p=118733"},"modified":"2019-09-22T05:23:31","modified_gmt":"2019-09-22T08:23:31","slug":"morre-ex-prefeito-de-sousa-tio-de-luciano-cartaxo-clarence-pires-de-sa","status":"publish","type":"post","link":"https:\/\/www.caririemacao.com\/1\/2019\/09\/22\/morre-ex-prefeito-de-sousa-tio-de-luciano-cartaxo-clarence-pires-de-sa\/","title":{"rendered":"Morre ex-prefeito de Sousa, tio de Luciano Cartaxo, Clarence Pires de S\u00e1"},"content":{"rendered":"\n<p>Na manh\u00e3 deste s\u00e1bado (21), faleceu na Capital Jo\u00e3o Pessoa, o ex-prefeito de Sousa, Dr. Clarence Pires de S\u00e1. Ele era m\u00e9dico e tio do prefeito de Jo\u00e3o Pessoa.&nbsp;Aos 87 anos, o m\u00e9dico sentiu mal, morrendo antes mesmo de ser socorrido. Segundo informa\u00e7\u00f5es preliminares, Clarice teria tido um infarto.<\/p>\n\n\n\n<p>O prefeito Luciano Cartaxo, lamentou o ocorrido e destacou que Clarence construiu uma vida \u201cdedicada a fazer o bem ao pr\u00f3ximo\u201d.<\/p>\n\n\n\n<p>Nos anos 70,&nbsp; Clarence foi prefeito do Munic\u00edpio de Sousa, e ainda em 82 ocupou uma cadeira na Assembleia Legislativa da Para\u00edba como Deputado Estadual.<\/p>\n\n\n\n<p>Ele tamb\u00e9m foi um dos s\u00f3cios da Casa de Sa\u00fade do Munic\u00edpio.<\/p>\n\n\n\n<p>O vel\u00f3rio acontecer\u00e1 em&nbsp;Jo\u00e3o Pessoa, neste s\u00e1bado, e o enterro ser\u00e1 neste domingo (22).<\/p>\n","protected":false},"excerpt":{"rendered":"<p>Na manh\u00e3 deste s\u00e1bado (21), faleceu na Capital Jo\u00e3o Pessoa, o ex-prefeito de Sousa, Dr. Clarence Pires de S\u00e1. Ele era m\u00e9dico e tio do&hellip; <\/p>\n","protected":false},"author":1,"featured_media":118734,"comment_status":"closed","ping_status":"closed","sticky":false,"template":"","format":"standard","meta":{"sfsi_plus_gutenberg_text_before_share":"","sfsi_plus_gutenberg_show_text_before_share":"","sfsi_plus_gutenberg_icon_type":"","sfsi_plus_gutenberg_icon_alignemt":"","sfsi_plus_gutenburg_max_per_row":"","footnotes":""},"categories":[2],"tags":[],"class_list":["post-118733","post","type-post","status-publish","format-standard","has-post-thumbnail","hentry","category-geral"],"_links":{"self":[{"href":"https:\/\/www.caririemacao.com\/1\/wp-json\/wp\/v2\/posts\/118733","targetHints":{"allow":["GET"]}}],"collection":[{"href":"https:\/\/www.caririemacao.com\/1\/wp-json\/wp\/v2\/posts"}],"about":[{"href":"https:\/\/www.caririemacao.com\/1\/wp-json\/wp\/v2\/types\/post"}],"author":[{"embeddable":true,"href":"https:\/\/www.caririemacao.com\/1\/wp-json\/wp\/v2\/users\/1"}],"replies":[{"embeddable":true,"href":"https:\/\/www.caririemacao.com\/1\/wp-json\/wp\/v2\/comments?post=118733"}],"version-history":[{"count":1,"href":"https:\/\/www.caririemacao.com\/1\/wp-json\/wp\/v2\/posts\/118733\/revisions"}],"predecessor-version":[{"id":118735,"href":"https:\/\/www.caririemacao.com\/1\/wp-json\/wp\/v2\/posts\/118733\/revisions\/118735"}],"wp:featuredmedia":[{"embeddable":true,"href":"https:\/\/www.caririemacao.com\/1\/wp-json\/wp\/v2\/media\/118734"}],"wp:attachment":[{"href":"https:\/\/www.caririemacao.com\/1\/wp-json\/wp\/v2\/media?parent=118733"}],"wp:term":[{"taxonomy":"category","embeddable":true,"href":"https:\/\/www.caririemacao.com\/1\/wp-json\/wp\/v2\/categories?post=118733"},{"taxonomy":"post_tag","embeddable":true,"href":"https:\/\/www.caririemacao.com\/1\/wp-json\/wp\/v2\/tags?post=118733"}],"curies":[{"name":"wp","href":"https:\/\/api.w.org\/{rel}","templated":true}]}}