{"id":118741,"date":"2019-09-22T05:27:09","date_gmt":"2019-09-22T08:27:09","guid":{"rendered":"http:\/\/www.caririemacao.com\/1\/?p=118741"},"modified":"2019-09-22T05:27:09","modified_gmt":"2019-09-22T08:27:09","slug":"lula-livre-mais-um-paraibano-comemora-aniversario-com-tema-politico","status":"publish","type":"post","link":"https:\/\/www.caririemacao.com\/1\/2019\/09\/22\/lula-livre-mais-um-paraibano-comemora-aniversario-com-tema-politico\/","title":{"rendered":"LULA LIVRE: Mais um paraibano comemora anivers\u00e1rio com tema pol\u00edtico"},"content":{"rendered":"\n<p>O empres\u00e1rio Emanoel Claudino comemorou o seu anivers\u00e1rio na quarta-feira, dia 18 de setembro, na cidade de Itaporanga (PB), e na oportunidade deixou claro que \u00e9 um forte seguidor do ex-presidente Luiz In\u00e1cio Lula da Silva do Partido dos Trabalhadores.<\/p>\n\n\n\n<p>Com direito a bolo e camisa personalizada, Emanoel usou como tema do seu anivers\u00e1rio, a \u201cMovimento Lula Livre\u201d.<\/p>\n\n\n\n<p>Em suas redes sociais Emanoel que empreende no ramo cont\u00e1bil, na \u00e1rea da sa\u00fade e \u00e9 serventu\u00e1rio do judici\u00e1rio local muito bem quisto, recebeu o carinho dos seus amigos, familiares e colegas de trabalho. &nbsp;&nbsp;&nbsp;<\/p>\n\n\n\n<p>Fonte: Diamante Online<\/p>\n","protected":false},"excerpt":{"rendered":"<p>O empres\u00e1rio Emanoel Claudino comemorou o seu anivers\u00e1rio na quarta-feira, dia 18 de setembro, na cidade de Itaporanga (PB), e na oportunidade deixou claro que&hellip; <\/p>\n","protected":false},"author":1,"featured_media":118742,"comment_status":"closed","ping_status":"closed","sticky":false,"template":"","format":"standard","meta":{"sfsi_plus_gutenberg_text_before_share":"","sfsi_plus_gutenberg_show_text_before_share":"","sfsi_plus_gutenberg_icon_type":"","sfsi_plus_gutenberg_icon_alignemt":"","sfsi_plus_gutenburg_max_per_row":"","footnotes":""},"categories":[2],"tags":[],"class_list":["post-118741","post","type-post","status-publish","format-standard","has-post-thumbnail","hentry","category-geral"],"_links":{"self":[{"href":"https:\/\/www.caririemacao.com\/1\/wp-json\/wp\/v2\/posts\/118741","targetHints":{"allow":["GET"]}}],"collection":[{"href":"https:\/\/www.caririemacao.com\/1\/wp-json\/wp\/v2\/posts"}],"about":[{"href":"https:\/\/www.caririemacao.com\/1\/wp-json\/wp\/v2\/types\/post"}],"author":[{"embeddable":true,"href":"https:\/\/www.caririemacao.com\/1\/wp-json\/wp\/v2\/users\/1"}],"replies":[{"embeddable":true,"href":"https:\/\/www.caririemacao.com\/1\/wp-json\/wp\/v2\/comments?post=118741"}],"version-history":[{"count":1,"href":"https:\/\/www.caririemacao.com\/1\/wp-json\/wp\/v2\/posts\/118741\/revisions"}],"predecessor-version":[{"id":118743,"href":"https:\/\/www.caririemacao.com\/1\/wp-json\/wp\/v2\/posts\/118741\/revisions\/118743"}],"wp:featuredmedia":[{"embeddable":true,"href":"https:\/\/www.caririemacao.com\/1\/wp-json\/wp\/v2\/media\/118742"}],"wp:attachment":[{"href":"https:\/\/www.caririemacao.com\/1\/wp-json\/wp\/v2\/media?parent=118741"}],"wp:term":[{"taxonomy":"category","embeddable":true,"href":"https:\/\/www.caririemacao.com\/1\/wp-json\/wp\/v2\/categories?post=118741"},{"taxonomy":"post_tag","embeddable":true,"href":"https:\/\/www.caririemacao.com\/1\/wp-json\/wp\/v2\/tags?post=118741"}],"curies":[{"name":"wp","href":"https:\/\/api.w.org\/{rel}","templated":true}]}}