{"id":118804,"date":"2019-09-22T08:00:35","date_gmt":"2019-09-22T11:00:35","guid":{"rendered":"http:\/\/www.caririemacao.com\/1\/?p=118804"},"modified":"2019-09-22T08:00:35","modified_gmt":"2019-09-22T11:00:35","slug":"sebrae-inaugura-dois-novos-pontos-de-atendimento-na-paraiba","status":"publish","type":"post","link":"https:\/\/www.caririemacao.com\/1\/2019\/09\/22\/sebrae-inaugura-dois-novos-pontos-de-atendimento-na-paraiba\/","title":{"rendered":"Sebrae inaugura dois novos pontos de atendimento na Para\u00edba"},"content":{"rendered":"\n<p>Com o intuito de aumentar o alcance dos servi\u00e7os prestados, ficando cada vez mais perto do microempreendedor, o Sebrae Para\u00edba inaugurou, nesta sexta-feira (20), mais dois Pontos de Atendimento Sebrae (PAS) no estado, em Cabedelo e Queimadas, totalizando, assim, cinco em funcionamento em todo o estado, junto aos de Cabaceiras, S\u00e3o Bento e Princesa Isabel, j\u00e1 instalados.<\/p>\n\n\n\n<p>Em Cabedelo, s\u00e3o 3.042 pequenos neg\u00f3cios formalizados aos quais o Sebrae ir\u00e1 prestar atendimento, al\u00e9m dos potenciais empreendedores; j\u00e1 em Queimadas, o n\u00famero \u00e9 de 1.298.<\/p>\n\n\n\n<p>Para o superintendente do Sebrae Para\u00edba, Walter Aguiar, o lan\u00e7amento de mais dois Pontos de Atendimento Sebrae (PAS) garante que a institui\u00e7\u00e3o esteja cada vez mais pr\u00f3xima daqueles que buscam no empreendedorismo uma fonte de crescimento econ\u00f4mico e social.<\/p>\n\n\n\n<p>\u201cCom o PAS, trazemos para Cabedelo e Queimadas todas as solu\u00e7\u00f5es que a gente tem para tornar a microempresa no Brasil cada vez mais competitiva no mercado\u201d, disse.<\/p>\n\n\n\n<p>J\u00e1 o prefeito de Cabedelo, Vitor Hugo, destacou o papel fundamental que o Sebrae tem na vida do empreendedor.<\/p>\n\n\n\n<p>\u201cEssa \u00e9 uma grande conquista para o munic\u00edpio de Cabedelo que, agora, com a presen\u00e7a do Sebrae, dar\u00e1 a oportunidade para que os microempreendedores possam avan\u00e7ar com muito mais seguran\u00e7a no seu neg\u00f3cio\u201d, pontuou.<\/p>\n\n\n\n<p>Por sua vez, o prefeito de Queimadas, Jos\u00e9 Carlos de Sousa R\u00eago, ressaltou a necessidade de estimular o empreendedorismo e de fortalecer a economia do munic\u00edpio, destacando tamb\u00e9m a import\u00e2ncia das parcerias firmadas com o Sebrae para capacita\u00e7\u00e3o e atendimento dos empres\u00e1rios e potenciais empreendedores da cidade.<\/p>\n\n\n\n<figure class=\"wp-block-image\"><img decoding=\"async\" data-src=\"https:\/\/paraibaonline.com.br\/wp-content\/uploads\/2019\/09\/PAS-Queimadas-556x417.jpg\" alt=\"Foto: Ascom\" class=\"wp-image-808086 lazyload\" src=\"data:image\/svg+xml;base64,PHN2ZyB3aWR0aD0iMSIgaGVpZ2h0PSIxIiB4bWxucz0iaHR0cDovL3d3dy53My5vcmcvMjAwMC9zdmciPjwvc3ZnPg==\" style=\"--smush-placeholder-width: 556px; --smush-placeholder-aspect-ratio: 556\/417;\" \/><\/figure>\n\n\n\n<p>Foto: Ascom<\/p>\n\n\n\n<p>Atua\u00e7\u00e3o \u2013 Atualmente, o Sebrae Para\u00edba possui onze ag\u00eancias regionais, em dez cidades (duas em Jo\u00e3o Pessoa, Campina Grande, Guarabira, Araruna, Monteiro, Patos, Pombal, Cajazeiras, Sousa, Itaporanga).<\/p>\n\n\n\n<p>Al\u00e9m dos cinco PAS j\u00e1 em atividade, este ano ainda ser\u00e3o instalados outros pontos para descentralizar os servi\u00e7os do Sebrae por meio de forma\u00e7\u00e3o de parcerias locais.<\/p>\n\n\n\n<p>Pequenos neg\u00f3cios formalizados \u2013 Em Cabedelo, s\u00e3o 3.042 optantes pelo Simples Nacional, sendo 2.596 microempreendedores individuais (MEIs) e 446 microempresas (ME) ou empresas de pequeno porte (EPP); j\u00e1 em Queimadas, s\u00e3o 1.645 optantes pelo Simples, sendo 1.298 MEIs e 347 ME ou EPP.<\/p>\n","protected":false},"excerpt":{"rendered":"<p>Com o intuito de aumentar o alcance dos servi\u00e7os prestados, ficando cada vez mais perto do microempreendedor, o Sebrae Para\u00edba inaugurou, nesta sexta-feira (20), mais&hellip; <\/p>\n","protected":false},"author":1,"featured_media":118806,"comment_status":"closed","ping_status":"closed","sticky":false,"template":"","format":"standard","meta":{"sfsi_plus_gutenberg_text_before_share":"","sfsi_plus_gutenberg_show_text_before_share":"","sfsi_plus_gutenberg_icon_type":"","sfsi_plus_gutenberg_icon_alignemt":"","sfsi_plus_gutenburg_max_per_row":"","footnotes":""},"categories":[2],"tags":[],"class_list":["post-118804","post","type-post","status-publish","format-standard","has-post-thumbnail","hentry","category-geral"],"_links":{"self":[{"href":"https:\/\/www.caririemacao.com\/1\/wp-json\/wp\/v2\/posts\/118804","targetHints":{"allow":["GET"]}}],"collection":[{"href":"https:\/\/www.caririemacao.com\/1\/wp-json\/wp\/v2\/posts"}],"about":[{"href":"https:\/\/www.caririemacao.com\/1\/wp-json\/wp\/v2\/types\/post"}],"author":[{"embeddable":true,"href":"https:\/\/www.caririemacao.com\/1\/wp-json\/wp\/v2\/users\/1"}],"replies":[{"embeddable":true,"href":"https:\/\/www.caririemacao.com\/1\/wp-json\/wp\/v2\/comments?post=118804"}],"version-history":[{"count":1,"href":"https:\/\/www.caririemacao.com\/1\/wp-json\/wp\/v2\/posts\/118804\/revisions"}],"predecessor-version":[{"id":118807,"href":"https:\/\/www.caririemacao.com\/1\/wp-json\/wp\/v2\/posts\/118804\/revisions\/118807"}],"wp:featuredmedia":[{"embeddable":true,"href":"https:\/\/www.caririemacao.com\/1\/wp-json\/wp\/v2\/media\/118806"}],"wp:attachment":[{"href":"https:\/\/www.caririemacao.com\/1\/wp-json\/wp\/v2\/media?parent=118804"}],"wp:term":[{"taxonomy":"category","embeddable":true,"href":"https:\/\/www.caririemacao.com\/1\/wp-json\/wp\/v2\/categories?post=118804"},{"taxonomy":"post_tag","embeddable":true,"href":"https:\/\/www.caririemacao.com\/1\/wp-json\/wp\/v2\/tags?post=118804"}],"curies":[{"name":"wp","href":"https:\/\/api.w.org\/{rel}","templated":true}]}}