{"id":118825,"date":"2019-09-22T10:39:42","date_gmt":"2019-09-22T13:39:42","guid":{"rendered":"http:\/\/www.caririemacao.com\/1\/?p=118825"},"modified":"2019-09-22T10:39:42","modified_gmt":"2019-09-22T13:39:42","slug":"presidente-do-psb-de-monteiro-deseja-o-entendimento-no-partido-e-lembra-que-o-projeto-mudou-a-vida-dos-caririzeiros-e-paraibanos","status":"publish","type":"post","link":"https:\/\/www.caririemacao.com\/1\/2019\/09\/22\/presidente-do-psb-de-monteiro-deseja-o-entendimento-no-partido-e-lembra-que-o-projeto-mudou-a-vida-dos-caririzeiros-e-paraibanos\/","title":{"rendered":"Presidente do PSB de Monteiro deseja o entendimento no partido e lembra que o projeto mudou a vida dos caririzeiros e paraibanos"},"content":{"rendered":"\n<p>O presidente do PSB na cidade de Monteiro, Juraci Conrado, defendeu nesta s\u00e1bado (21) o entendimento e pacifica\u00e7\u00e3o no Partido Socialista Brasileiro e destacou que o projeto administrativo do PSB mudou a vida dos caririzeiros e paraibanos.<\/p>\n\n\n\n<p>\u201c\u00c9 preciso achar uma sa\u00edda para esse desentendimento no PSB. Foi esse partido que mudou a vida de muita gente na Para\u00edba. Esse desentendimento s\u00f3 interessa a oposi\u00e7\u00e3o\u201d, expressou Conrado.<\/p>\n\n\n\n<p>Conrado atualmente \u00e9 secret\u00e1rio de Infraestrutura da Prefeitura de Monteiro.<\/p>\n\n\n\n<p><strong>Blog do Bruno Lira<\/strong><\/p>\n","protected":false},"excerpt":{"rendered":"<p>O presidente do PSB na cidade de Monteiro, Juraci Conrado, defendeu nesta s\u00e1bado (21) o entendimento e pacifica\u00e7\u00e3o no Partido Socialista Brasileiro e destacou que&hellip; <\/p>\n","protected":false},"author":1,"featured_media":98994,"comment_status":"closed","ping_status":"closed","sticky":false,"template":"","format":"standard","meta":{"sfsi_plus_gutenberg_text_before_share":"","sfsi_plus_gutenberg_show_text_before_share":"","sfsi_plus_gutenberg_icon_type":"","sfsi_plus_gutenberg_icon_alignemt":"","sfsi_plus_gutenburg_max_per_row":"","footnotes":""},"categories":[11],"tags":[],"class_list":["post-118825","post","type-post","status-publish","format-standard","has-post-thumbnail","hentry","category-politica"],"_links":{"self":[{"href":"https:\/\/www.caririemacao.com\/1\/wp-json\/wp\/v2\/posts\/118825","targetHints":{"allow":["GET"]}}],"collection":[{"href":"https:\/\/www.caririemacao.com\/1\/wp-json\/wp\/v2\/posts"}],"about":[{"href":"https:\/\/www.caririemacao.com\/1\/wp-json\/wp\/v2\/types\/post"}],"author":[{"embeddable":true,"href":"https:\/\/www.caririemacao.com\/1\/wp-json\/wp\/v2\/users\/1"}],"replies":[{"embeddable":true,"href":"https:\/\/www.caririemacao.com\/1\/wp-json\/wp\/v2\/comments?post=118825"}],"version-history":[{"count":1,"href":"https:\/\/www.caririemacao.com\/1\/wp-json\/wp\/v2\/posts\/118825\/revisions"}],"predecessor-version":[{"id":118827,"href":"https:\/\/www.caririemacao.com\/1\/wp-json\/wp\/v2\/posts\/118825\/revisions\/118827"}],"wp:featuredmedia":[{"embeddable":true,"href":"https:\/\/www.caririemacao.com\/1\/wp-json\/wp\/v2\/media\/98994"}],"wp:attachment":[{"href":"https:\/\/www.caririemacao.com\/1\/wp-json\/wp\/v2\/media?parent=118825"}],"wp:term":[{"taxonomy":"category","embeddable":true,"href":"https:\/\/www.caririemacao.com\/1\/wp-json\/wp\/v2\/categories?post=118825"},{"taxonomy":"post_tag","embeddable":true,"href":"https:\/\/www.caririemacao.com\/1\/wp-json\/wp\/v2\/tags?post=118825"}],"curies":[{"name":"wp","href":"https:\/\/api.w.org\/{rel}","templated":true}]}}