{"id":118832,"date":"2019-09-22T10:41:12","date_gmt":"2019-09-22T13:41:12","guid":{"rendered":"http:\/\/www.caririemacao.com\/1\/?p=118832"},"modified":"2019-09-22T10:41:12","modified_gmt":"2019-09-22T13:41:12","slug":"no-sertao-prefeito-e-primeira-dama-sofrem-acidente","status":"publish","type":"post","link":"https:\/\/www.caririemacao.com\/1\/2019\/09\/22\/no-sertao-prefeito-e-primeira-dama-sofrem-acidente\/","title":{"rendered":"No Sert\u00e3o: prefeito e primeira-dama sofrem acidente"},"content":{"rendered":"\n<p>O prefeito Gerv\u00e1zio Gomes(PSB) do munic\u00edpio de Bernardino Batista na regi\u00e3o de Cajazeiras, no Sert\u00e3o do estado, sofreu um acidente na noite da \u00faltima sexta-feira(21). O prefeito que estava acompanhado da sua esposa, Solange D\u00e1rio, perdeu o controle do ve\u00edculo que conduzia na descida da serra e caiu em uma ribanceira.&nbsp;Segundo a assessoria do prefeito ele e a primeira-dama de Bernanrdino Batista n\u00e3o sofreram nenhum tipo de ferimento e est\u00e3o bem.Pol\u00eamica Para\u00edba<\/p>\n","protected":false},"excerpt":{"rendered":"<p>O prefeito Gerv\u00e1zio Gomes(PSB) do munic\u00edpio de Bernardino Batista na regi\u00e3o de Cajazeiras, no Sert\u00e3o do estado, sofreu um acidente na noite da \u00faltima sexta-feira(21).&hellip; <\/p>\n","protected":false},"author":1,"featured_media":118834,"comment_status":"closed","ping_status":"closed","sticky":false,"template":"","format":"standard","meta":{"sfsi_plus_gutenberg_text_before_share":"","sfsi_plus_gutenberg_show_text_before_share":"","sfsi_plus_gutenberg_icon_type":"","sfsi_plus_gutenberg_icon_alignemt":"","sfsi_plus_gutenburg_max_per_row":"","footnotes":""},"categories":[12],"tags":[],"class_list":["post-118832","post","type-post","status-publish","format-standard","has-post-thumbnail","hentry","category-policia"],"_links":{"self":[{"href":"https:\/\/www.caririemacao.com\/1\/wp-json\/wp\/v2\/posts\/118832","targetHints":{"allow":["GET"]}}],"collection":[{"href":"https:\/\/www.caririemacao.com\/1\/wp-json\/wp\/v2\/posts"}],"about":[{"href":"https:\/\/www.caririemacao.com\/1\/wp-json\/wp\/v2\/types\/post"}],"author":[{"embeddable":true,"href":"https:\/\/www.caririemacao.com\/1\/wp-json\/wp\/v2\/users\/1"}],"replies":[{"embeddable":true,"href":"https:\/\/www.caririemacao.com\/1\/wp-json\/wp\/v2\/comments?post=118832"}],"version-history":[{"count":1,"href":"https:\/\/www.caririemacao.com\/1\/wp-json\/wp\/v2\/posts\/118832\/revisions"}],"predecessor-version":[{"id":118835,"href":"https:\/\/www.caririemacao.com\/1\/wp-json\/wp\/v2\/posts\/118832\/revisions\/118835"}],"wp:featuredmedia":[{"embeddable":true,"href":"https:\/\/www.caririemacao.com\/1\/wp-json\/wp\/v2\/media\/118834"}],"wp:attachment":[{"href":"https:\/\/www.caririemacao.com\/1\/wp-json\/wp\/v2\/media?parent=118832"}],"wp:term":[{"taxonomy":"category","embeddable":true,"href":"https:\/\/www.caririemacao.com\/1\/wp-json\/wp\/v2\/categories?post=118832"},{"taxonomy":"post_tag","embeddable":true,"href":"https:\/\/www.caririemacao.com\/1\/wp-json\/wp\/v2\/tags?post=118832"}],"curies":[{"name":"wp","href":"https:\/\/api.w.org\/{rel}","templated":true}]}}