{"id":118850,"date":"2019-09-22T14:16:54","date_gmt":"2019-09-22T17:16:54","guid":{"rendered":"http:\/\/www.caririemacao.com\/1\/?p=118850"},"modified":"2019-09-22T14:16:54","modified_gmt":"2019-09-22T17:16:54","slug":"dia-mundial-sem-carro-bicicleta-e-meio-de-transporte-mais-democratico","status":"publish","type":"post","link":"https:\/\/www.caririemacao.com\/1\/2019\/09\/22\/dia-mundial-sem-carro-bicicleta-e-meio-de-transporte-mais-democratico\/","title":{"rendered":"Dia Mundial sem Carro: bicicleta \u00e9 meio de transporte mais \u2018democr\u00e1tico\u2019"},"content":{"rendered":"\n<p><br>Que tal repensar o uso do carro e adotar um meio de transporte alternativo? Esse \u00e9 o prop\u00f3sito do Dia Mundial sem Carro, celebrado em todo o mundo neste domingo, 22. O objetivo da data \u00e9 motivar as pessoas a deixarem seus autom\u00f3veis em casa e utilizarem outros transportes, como a bicicleta e meios coletivos como \u00f4nibus, trens, etc.<\/p>\n\n\n\n<p>Professora do curso de Arquitetura e Urbanismo da Unifacisa, A\u00edda Pontes explica que o Dia Mundial sem Carro tem como principal objetivo provocar a reflex\u00e3o nas pessoas sobre a excessiva utiliza\u00e7\u00e3o do autom\u00f3vel. A urbanista tamb\u00e9m destaca os benef\u00edcios do uso da bicicleta que v\u00e3o da sa\u00fade at\u00e9 a economia.<\/p>\n\n\n\n<figure class=\"wp-block-image\"><img decoding=\"async\" data-src=\"https:\/\/ci6.googleusercontent.com\/proxy\/OsGYyOulvko2pHW3qtdbW7DNlKMzOp_Uf9i0PjUXHplSe_2yZGBb-EyY2pFvTVzEteJazU49RqhMOU-wbYabz25WMcm4zYA9ayau7F5UizkYLUdzFGGvBxTntA=s0-d-e1-ft#https:\/\/files.workr.com.br\/ViewImage.aspx?image=DObTP1AQiG0MsuZLEdbqbA==\" alt=\"\" src=\"data:image\/svg+xml;base64,PHN2ZyB3aWR0aD0iMSIgaGVpZ2h0PSIxIiB4bWxucz0iaHR0cDovL3d3dy53My5vcmcvMjAwMC9zdmciPjwvc3ZnPg==\" class=\"lazyload\" \/><\/figure>\n\n\n\n<p>Foto: Divulga\u00e7\u00e3o\/Unifacisa<\/p>\n\n\n\n<p>\u201cO Dia Mundial sem Carro faz as pessoas testarem meios de transporte que geralmente n\u00e3o usariam. Com isso, elas percebem o lado de bom de se utilizar a bicicleta, o \u00f4nibus, etc. Esse est\u00edmulo \u00e9 importante pois j\u00e1 faz com que os cidad\u00e3os repensem a utiliza\u00e7\u00e3o do autom\u00f3vel e entendam que n\u00e3o \u00e9 natural ir de carro para todos os lugares\u201d, explica A\u00edda.<\/p>\n\n\n\n<p>A professora, que utiliza a bicicleta diariamente para se locomover \u00e0 Unifacisa, lista os in\u00fameros benef\u00edcios que o h\u00e1bito traz.<\/p>\n\n\n\n<p>\u201cQuando as pessoas utilizam a bicicleta ao inv\u00e9s do carro, chegam ao trabalho menos estressadas, a efici\u00eancia melhora, economizam dinheiro, fazem um \u00f3timo exerc\u00edcio f\u00edsico, n\u00e3o poluem, podem guard\u00e1-la em espa\u00e7os pequenos, entre muitas outras vantagens. Ela \u00e9 o meio de transporte mais democr\u00e1tico, pois \u00e9 muito barato manter uma bicicleta e pode ser utilizada por pessoas de todas as idades\u201d, diz.<\/p>\n\n\n\n<figure class=\"wp-block-image\"><img decoding=\"async\" data-src=\"https:\/\/ci4.googleusercontent.com\/proxy\/7iaRl1xIpQbq3nMMkhP4niug2IESBvvkInMEzoqHyRrYRSuZ2SFY6_E5_MwPf31aCf2DjolOfwRpt0-tGu85Fn7JE7LPhLCVbRZqddvJVc51cdkmH1gggEvvlQ=s0-d-e1-ft#https:\/\/files.workr.com.br\/ViewImage.aspx?image=0UMZeIisJBKS1WW3DmeZYA==\" alt=\"\" src=\"data:image\/svg+xml;base64,PHN2ZyB3aWR0aD0iMSIgaGVpZ2h0PSIxIiB4bWxucz0iaHR0cDovL3d3dy53My5vcmcvMjAwMC9zdmciPjwvc3ZnPg==\" class=\"lazyload\" \/><\/figure>\n\n\n\n<p>Foto: Divulga\u00e7\u00e3o\/Unifacisa<\/p>\n\n\n\n<p>Tema abordado na disciplina de Planejamento Urbano, a utiliza\u00e7\u00e3o de meios de transporte alternativos faz com que os estudantes percebam as melhorias que as cidades ganham com isso.<\/p>\n\n\n\n<p>\u201cRealizamos exerc\u00edcios nos quais os alunos repensam as cidades em busca de mais qualidade de vida para seus cidad\u00e3os, j\u00e1 que os munic\u00edpios brasileiros s\u00e3o constru\u00eddos em fun\u00e7\u00e3o dos autom\u00f3veis. Al\u00e9m disso, cidades com pessoas ativas e bons espa\u00e7os p\u00fablicos s\u00e3o mais pulsantes, atraindo empresas e investimentos\u201d.<\/p>\n\n\n\n<p>Al\u00e9m dos benef\u00edcios, o fato de vir de bicicleta para lecionar suas aulas tamb\u00e9m estimulou os estudantes a adotarem o h\u00e1bito, conta A\u00edda.<\/p>\n\n\n\n<p>\u201c\u00c9 um excelente est\u00edmulo, pois v\u00e1rios alunos me viram chegar e sair de bicicleta e come\u00e7aram a usar tamb\u00e9m. Com isso, at\u00e9 o biciclet\u00e1rio da Unifacisa teve que ser ampliado para comportar o aumento no n\u00famero de usu\u00e1rio. Esse tipo de incentivo entre as pessoas \u00e9 o que faz o Dia Mundial sem Carro ser t\u00e3o importante para a vida nas cidades\u201d, completa a professora.<\/p>\n","protected":false},"excerpt":{"rendered":"<p>Que tal repensar o uso do carro e adotar um meio de transporte alternativo? Esse \u00e9 o prop\u00f3sito do Dia Mundial sem Carro, celebrado em&hellip; <\/p>\n","protected":false},"author":1,"featured_media":68216,"comment_status":"closed","ping_status":"closed","sticky":false,"template":"","format":"standard","meta":{"sfsi_plus_gutenberg_text_before_share":"","sfsi_plus_gutenberg_show_text_before_share":"","sfsi_plus_gutenberg_icon_type":"","sfsi_plus_gutenberg_icon_alignemt":"","sfsi_plus_gutenburg_max_per_row":"","footnotes":""},"categories":[2],"tags":[],"class_list":["post-118850","post","type-post","status-publish","format-standard","has-post-thumbnail","hentry","category-geral"],"_links":{"self":[{"href":"https:\/\/www.caririemacao.com\/1\/wp-json\/wp\/v2\/posts\/118850","targetHints":{"allow":["GET"]}}],"collection":[{"href":"https:\/\/www.caririemacao.com\/1\/wp-json\/wp\/v2\/posts"}],"about":[{"href":"https:\/\/www.caririemacao.com\/1\/wp-json\/wp\/v2\/types\/post"}],"author":[{"embeddable":true,"href":"https:\/\/www.caririemacao.com\/1\/wp-json\/wp\/v2\/users\/1"}],"replies":[{"embeddable":true,"href":"https:\/\/www.caririemacao.com\/1\/wp-json\/wp\/v2\/comments?post=118850"}],"version-history":[{"count":1,"href":"https:\/\/www.caririemacao.com\/1\/wp-json\/wp\/v2\/posts\/118850\/revisions"}],"predecessor-version":[{"id":118863,"href":"https:\/\/www.caririemacao.com\/1\/wp-json\/wp\/v2\/posts\/118850\/revisions\/118863"}],"wp:featuredmedia":[{"embeddable":true,"href":"https:\/\/www.caririemacao.com\/1\/wp-json\/wp\/v2\/media\/68216"}],"wp:attachment":[{"href":"https:\/\/www.caririemacao.com\/1\/wp-json\/wp\/v2\/media?parent=118850"}],"wp:term":[{"taxonomy":"category","embeddable":true,"href":"https:\/\/www.caririemacao.com\/1\/wp-json\/wp\/v2\/categories?post=118850"},{"taxonomy":"post_tag","embeddable":true,"href":"https:\/\/www.caririemacao.com\/1\/wp-json\/wp\/v2\/tags?post=118850"}],"curies":[{"name":"wp","href":"https:\/\/api.w.org\/{rel}","templated":true}]}}