{"id":118854,"date":"2019-09-22T13:01:38","date_gmt":"2019-09-22T16:01:38","guid":{"rendered":"http:\/\/www.caririemacao.com\/1\/?p=118854"},"modified":"2019-09-22T13:01:38","modified_gmt":"2019-09-22T16:01:38","slug":"porto-e-assombrados-sao-campeoes-do-campeonato-umbuzeirense-2019-aberto-e-veteranos-respectivamente","status":"publish","type":"post","link":"https:\/\/www.caririemacao.com\/1\/2019\/09\/22\/porto-e-assombrados-sao-campeoes-do-campeonato-umbuzeirense-2019-aberto-e-veteranos-respectivamente\/","title":{"rendered":"Porto e Assombrados s\u00e3o Campe\u00f5es do Campeonato Umbuzeirense 2019, aberto e veteranos, respectivamente"},"content":{"rendered":"\n<p>Duas emocionantes finais de futsal foram realizadas na manh\u00e3\ndeste domingo, dia 22, no Gin\u00e1sio Professor Luciano Neves, na cidade de S\u00e3o\nSebasti\u00e3o do Umbuzeiro. <\/p>\n\n\n\n<p>Nas finais, estavam os Assombrados que jogou contra os\nPeladeiros, disputando a categoria veteranos, e Porto e Juventus na final da\ncategoria aberta.<\/p>\n\n\n\n<p>Na final dos veteranos o time dos Assombrados consagrou-se campe\u00e3o\ndepois de uma goleada de 5&#215;0 em cima dos Peladeiros.<\/p>\n\n\n\n<p>J\u00e1 na final da categoria aberta, a forte equipe do Porto se tornou Campe\u00e3o Umbuzeirense de Futsal 2019, realizado pela Prefeitura Municipal de S\u00e3o Sebasti\u00e3o do Umbuzeiro.<\/p>\n\n\n\n<figure class=\"wp-block-image\"><img fetchpriority=\"high\" decoding=\"async\" width=\"1024\" height=\"654\" src=\"http:\/\/www.caririemacao.com\/1\/wp-content\/uploads\/2019\/09\/WhatsApp-Image-2019-09-22-at-11.19.01-1024x654.jpeg\" alt=\"\" class=\"wp-image-118856\" srcset=\"https:\/\/www.caririemacao.com\/1\/wp-content\/uploads\/2019\/09\/WhatsApp-Image-2019-09-22-at-11.19.01-1024x654.jpeg 1024w, https:\/\/www.caririemacao.com\/1\/wp-content\/uploads\/2019\/09\/WhatsApp-Image-2019-09-22-at-11.19.01-300x192.jpeg 300w, https:\/\/www.caririemacao.com\/1\/wp-content\/uploads\/2019\/09\/WhatsApp-Image-2019-09-22-at-11.19.01-768x491.jpeg 768w, https:\/\/www.caririemacao.com\/1\/wp-content\/uploads\/2019\/09\/WhatsApp-Image-2019-09-22-at-11.19.01.jpeg 1280w\" sizes=\"(max-width: 1024px) 100vw, 1024px\" \/><\/figure>\n\n\n\n<p>Durante o tempo normal, o Juventus marcou 03 gols, surpreendendo toda a torcida do Porto que foi em grande n\u00famero. Com o apoio da torcida e a garra dos jogadores, o Porto conseguiu correr atr\u00e1s do placar e empatou j\u00e1 no finalzinho do segundo tempo. Com este placar, as duas equipes foram para os p\u00eanaltis.<\/p>\n\n\n\n<div class=\"wp-block-image\"><figure class=\"aligncenter\"><img decoding=\"async\" width=\"440\" height=\"236\" data-src=\"http:\/\/www.caririemacao.com\/1\/wp-content\/uploads\/2019\/09\/222.png\" alt=\"\" class=\"wp-image-118858 lazyload\" data-srcset=\"https:\/\/www.caririemacao.com\/1\/wp-content\/uploads\/2019\/09\/222.png 440w, https:\/\/www.caririemacao.com\/1\/wp-content\/uploads\/2019\/09\/222-300x161.png 300w\" data-sizes=\"(max-width: 440px) 100vw, 440px\" src=\"data:image\/svg+xml;base64,PHN2ZyB3aWR0aD0iMSIgaGVpZ2h0PSIxIiB4bWxucz0iaHR0cDovL3d3dy53My5vcmcvMjAwMC9zdmciPjwvc3ZnPg==\" style=\"--smush-placeholder-width: 440px; --smush-placeholder-aspect-ratio: 440\/236;\" \/><\/figure><\/div>\n\n\n\n<p>Nos p\u00eanaltis, o Porto venceu por 3 a 2 Juventus, se sangrando o grande Campe\u00e3o do Campeonato Umbuzeirense 2019.<\/p>\n\n\n\n<figure class=\"wp-block-image\"><img decoding=\"async\" width=\"607\" height=\"511\" data-src=\"http:\/\/www.caririemacao.com\/1\/wp-content\/uploads\/2019\/09\/Sem-t\u00edtulo-3.png\" alt=\"\" class=\"wp-image-118857 lazyload\" data-srcset=\"https:\/\/www.caririemacao.com\/1\/wp-content\/uploads\/2019\/09\/Sem-t\u00edtulo-3.png 607w, https:\/\/www.caririemacao.com\/1\/wp-content\/uploads\/2019\/09\/Sem-t\u00edtulo-3-300x253.png 300w\" data-sizes=\"(max-width: 607px) 100vw, 607px\" src=\"data:image\/svg+xml;base64,PHN2ZyB3aWR0aD0iMSIgaGVpZ2h0PSIxIiB4bWxucz0iaHR0cDovL3d3dy53My5vcmcvMjAwMC9zdmciPjwvc3ZnPg==\" style=\"--smush-placeholder-width: 607px; --smush-placeholder-aspect-ratio: 607\/511;\" \/><\/figure>\n\n\n\n<p>Al\u00e9m da torcida das equipes presentes \u00e0 final, o prefeito Adriano\nWolff, vereadores, secret\u00e1rios e demais lideran\u00e7as locais prestigiaram os jogos\nrealizados no Gin\u00e1sio Professor Luciano Neves.<\/p>\n\n\n\n<p>Na premia\u00e7\u00e3o, Adriano falou do incentivo ao esporte local,\ndestacando a premia\u00e7\u00e3o de 5 mil reais, considerada a maior de toda a regi\u00e3o. \u201cForam\ngrande jogos. No total, foram 16 equipes participantes, divididas em duas\ncategorias com 8 equipes cada, aberto e veteranos, que levaram grandes p\u00fablicos\npara acompanhar as partidas. Nossa cidade est\u00e1 festa com a participa\u00e7\u00e3o das\npessoas nos jogos, mostra que estamos fazendo e dando o melhor de n\u00f3s para\nfazer da nossa cidade uma refer\u00eancia no esporte. Vamos continuar trabalhando\npara engrandecer o esporte umbuzeirense\u201d, complementou.<\/p>\n\n\n\n<p>A premia\u00e7\u00e3o foi realizada na pra\u00e7a em frente \u00e0 igreja Matriz, e foram premiadas as quatro finalistas de cada categoria, sendo mil reais (1\u00ba colocado), 700 reais (2\u00ba colocado), 500 reais (3\u00ba colocado) 300 reais (4\u00ba colocado), todas as equipes tamb\u00e9m receberam trof\u00e9us. <\/p>\n\n\n\n<p>Reda\u00e7\u00e3o do Cariri em A\u00e7\u00e3o<\/p>\n\n\n\n<p>Fotos: Blog do Didi (Didi Milton)<\/p>\n","protected":false},"excerpt":{"rendered":"<p>Duas emocionantes finais de futsal foram realizadas na manh\u00e3 deste domingo, dia 22, no Gin\u00e1sio Professor Luciano Neves, na cidade de S\u00e3o Sebasti\u00e3o do Umbuzeiro.&hellip; <\/p>\n","protected":false},"author":2,"featured_media":118855,"comment_status":"closed","ping_status":"closed","sticky":false,"template":"","format":"standard","meta":{"sfsi_plus_gutenberg_text_before_share":"","sfsi_plus_gutenberg_show_text_before_share":"","sfsi_plus_gutenberg_icon_type":"","sfsi_plus_gutenberg_icon_alignemt":"","sfsi_plus_gutenburg_max_per_row":"","footnotes":""},"categories":[50,13],"tags":[],"class_list":["post-118854","post","type-post","status-publish","format-standard","has-post-thumbnail","hentry","category-destaque","category-esportes"],"_links":{"self":[{"href":"https:\/\/www.caririemacao.com\/1\/wp-json\/wp\/v2\/posts\/118854","targetHints":{"allow":["GET"]}}],"collection":[{"href":"https:\/\/www.caririemacao.com\/1\/wp-json\/wp\/v2\/posts"}],"about":[{"href":"https:\/\/www.caririemacao.com\/1\/wp-json\/wp\/v2\/types\/post"}],"author":[{"embeddable":true,"href":"https:\/\/www.caririemacao.com\/1\/wp-json\/wp\/v2\/users\/2"}],"replies":[{"embeddable":true,"href":"https:\/\/www.caririemacao.com\/1\/wp-json\/wp\/v2\/comments?post=118854"}],"version-history":[{"count":1,"href":"https:\/\/www.caririemacao.com\/1\/wp-json\/wp\/v2\/posts\/118854\/revisions"}],"predecessor-version":[{"id":118859,"href":"https:\/\/www.caririemacao.com\/1\/wp-json\/wp\/v2\/posts\/118854\/revisions\/118859"}],"wp:featuredmedia":[{"embeddable":true,"href":"https:\/\/www.caririemacao.com\/1\/wp-json\/wp\/v2\/media\/118855"}],"wp:attachment":[{"href":"https:\/\/www.caririemacao.com\/1\/wp-json\/wp\/v2\/media?parent=118854"}],"wp:term":[{"taxonomy":"category","embeddable":true,"href":"https:\/\/www.caririemacao.com\/1\/wp-json\/wp\/v2\/categories?post=118854"},{"taxonomy":"post_tag","embeddable":true,"href":"https:\/\/www.caririemacao.com\/1\/wp-json\/wp\/v2\/tags?post=118854"}],"curies":[{"name":"wp","href":"https:\/\/api.w.org\/{rel}","templated":true}]}}