{"id":118875,"date":"2019-09-22T14:35:59","date_gmt":"2019-09-22T17:35:59","guid":{"rendered":"http:\/\/www.caririemacao.com\/1\/?p=118875"},"modified":"2019-09-22T14:35:59","modified_gmt":"2019-09-22T17:35:59","slug":"joao-azevedo-destaca-continuidade-do-programa-caminhos-da-paraiba-com-ligacao-entre-importantes-regioes-do-estado","status":"publish","type":"post","link":"https:\/\/www.caririemacao.com\/1\/2019\/09\/22\/joao-azevedo-destaca-continuidade-do-programa-caminhos-da-paraiba-com-ligacao-entre-importantes-regioes-do-estado\/","title":{"rendered":"Jo\u00e3o Azev\u00eado destaca continuidade do programa Caminhos da Para\u00edba com liga\u00e7\u00e3o entre importantes regi\u00f5es do estado"},"content":{"rendered":"\n<p><a href=\"http:\/\/i0.wp.com\/www.blogdoninja.com.br\/wp-content\/uploads\/2019\/09\/JOAO-2.jpg\"><\/a><\/p>\n\n\n\n<p>O governador Jo\u00e3o Azev\u00eado (PSB) ressaltou a import\u00e2ncia do programa Caminhos da Para\u00edba n\u00e3o apenas para a economia no estado, j\u00e1 que as estradas que retiraram todas as cidades do isolamento fazem com que a log\u00edstica de transportes fique equacionada, mas tamb\u00e9m com rela\u00e7\u00e3o a melhoria na seguran\u00e7a dos paraibanos.<\/p>\n\n\n\n<p>Jo\u00e3o pontuou que a continuidade do programa, com algumas estradas j\u00e1 em licita\u00e7\u00e3o, ser\u00e1 imprecind\u00edvel para desta vez ligar regi\u00f5es importantes economicamente que n\u00e3o se interligavam.<\/p>\n\n\n\n<p>\u201cAs cidades sa\u00edram do isolamento, entretanto existem regi\u00f5es importantes economicamente no estado que n\u00e3o se comunicam e essas regi\u00f5es precisam estar ligadas, por isso h\u00e1 um conjunto de estradas que est\u00e3o sendo projetadas, algumas j\u00e1 em licita\u00e7\u00e3o e que d\u00e3o continuidade a esse programa Caminhos da Para\u00edba\u201d declarou.<\/p>\n","protected":false},"excerpt":{"rendered":"<p>O governador Jo\u00e3o Azev\u00eado (PSB) ressaltou a import\u00e2ncia do programa Caminhos da Para\u00edba n\u00e3o apenas para a economia no estado, j\u00e1 que as estradas que&hellip; <\/p>\n","protected":false},"author":1,"featured_media":50754,"comment_status":"closed","ping_status":"closed","sticky":false,"template":"","format":"standard","meta":{"sfsi_plus_gutenberg_text_before_share":"","sfsi_plus_gutenberg_show_text_before_share":"","sfsi_plus_gutenberg_icon_type":"","sfsi_plus_gutenberg_icon_alignemt":"","sfsi_plus_gutenburg_max_per_row":"","footnotes":""},"categories":[11],"tags":[],"class_list":["post-118875","post","type-post","status-publish","format-standard","has-post-thumbnail","hentry","category-politica"],"_links":{"self":[{"href":"https:\/\/www.caririemacao.com\/1\/wp-json\/wp\/v2\/posts\/118875","targetHints":{"allow":["GET"]}}],"collection":[{"href":"https:\/\/www.caririemacao.com\/1\/wp-json\/wp\/v2\/posts"}],"about":[{"href":"https:\/\/www.caririemacao.com\/1\/wp-json\/wp\/v2\/types\/post"}],"author":[{"embeddable":true,"href":"https:\/\/www.caririemacao.com\/1\/wp-json\/wp\/v2\/users\/1"}],"replies":[{"embeddable":true,"href":"https:\/\/www.caririemacao.com\/1\/wp-json\/wp\/v2\/comments?post=118875"}],"version-history":[{"count":1,"href":"https:\/\/www.caririemacao.com\/1\/wp-json\/wp\/v2\/posts\/118875\/revisions"}],"predecessor-version":[{"id":118876,"href":"https:\/\/www.caririemacao.com\/1\/wp-json\/wp\/v2\/posts\/118875\/revisions\/118876"}],"wp:featuredmedia":[{"embeddable":true,"href":"https:\/\/www.caririemacao.com\/1\/wp-json\/wp\/v2\/media\/50754"}],"wp:attachment":[{"href":"https:\/\/www.caririemacao.com\/1\/wp-json\/wp\/v2\/media?parent=118875"}],"wp:term":[{"taxonomy":"category","embeddable":true,"href":"https:\/\/www.caririemacao.com\/1\/wp-json\/wp\/v2\/categories?post=118875"},{"taxonomy":"post_tag","embeddable":true,"href":"https:\/\/www.caririemacao.com\/1\/wp-json\/wp\/v2\/tags?post=118875"}],"curies":[{"name":"wp","href":"https:\/\/api.w.org\/{rel}","templated":true}]}}